{"id":32465,"date":"2023-07-14T19:54:48","date_gmt":"2023-07-14T19:54:48","guid":{"rendered":"https:\/\/www.elpolitologoyelpolitico.com.ar\/wordpress\/?p=32465"},"modified":"2023-07-14T19:54:49","modified_gmt":"2023-07-14T19:54:49","slug":"llega-la-agenda-cultural-con-muestras-y-exposiciones-como-protagonistas","status":"publish","type":"post","link":"https:\/\/www.elpolitologoyelpolitico.com.ar\/wordpress\/2023\/07\/14\/llega-la-agenda-cultural-con-muestras-y-exposiciones-como-protagonistas\/","title":{"rendered":"Llega la agenda cultural con muestras y exposiciones como protagonistas"},"content":{"rendered":"\n<p>Entre ellas se destacan la muestra \u201cDinosaurios y otras bestias prehist\u00f3ricas\u201d en Cipolletti, la exposici\u00f3n del Poncho Rionegrino en General Roca y \u201cVoces y Tinta: el Periodismo en Viedma\u201d, entre otras. Tambi\u00e9n, habr\u00e1 propuestas musicales en San Javier con el Certamen Nacional Folkl\u00f3rico Competitivo \u201cFuerte San Javier\u201d y se podr\u00e1 disfrutar de una tarde a pura milonga en Cipolletti.<\/p>\n\n\n\n<p><em>Agenda 14 al 21 de julio<\/em><\/p>\n\n\n\n<p><em>Bariloche<\/em><\/p>\n\n\n\n<p>Hasta el 14 de julio<\/p>\n\n\n\n<p>11 a 20 hs &#8211; Muestra \u201cRompecabezas\u201d de la fot\u00f3grafa Macarena Batalla.<\/p>\n\n\n\n<p>Sala Frey, Centro C\u00edvico.<\/p>\n\n\n\n<p>Entrada libre y gratuita.<\/p>\n\n\n\n<p>Hasta el 31 de julio<\/p>\n\n\n\n<p>Muestra fotogr\u00e1fica \u201cOjo al Sur\u201d.<\/p>\n\n\n\n<p>Lunes a viernes de 8 a 13 hs.<\/p>\n\n\n\n<p>Sala Panozzi (Centro Administrativo Provincial, Onelli 1450).<\/p>\n\n\n\n<p>Entrada libre y gratuita.<\/p>\n\n\n\n<p><em>Viedma<\/em><\/p>\n\n\n\n<p>Lunes a viernes<\/p>\n\n\n\n<p>9 a 18 hs &#8211; Muestra \u201cVoces y Tinta: el Periodismo en Viedma\u201d.<br>Museo Jos\u00e9 Eugenio Tello (San Mart\u00edn 360).<\/p>\n\n\n\n<p>Entrada libre y gratuita.<\/p>\n\n\n\n<p>Viernes 14 y viernes 21<\/p>\n\n\n\n<p>11:00 hs &#8211; Taller gratuito de fanzine.<\/p>\n\n\n\n<p>Librer\u00eda Don Quijote (Buenos Aires 483) Organiza: Residencia Interdisciplinaria de Salud Mental Comunitaria.<\/p>\n\n\n\n<p><em>San Javier<\/em><\/p>\n\n\n\n<p>S\u00e1bado 15 y domingo 16<\/p>\n\n\n\n<p>9 hs &#8211; Certamen Nacional Folkl\u00f3rico Competitivo \u201cFuerte San Javier\u201d.<br>Polideportivo San Javier.<\/p>\n\n\n\n<p><em>Cipolletti<\/em><\/p>\n\n\n\n<p>Domingo 16<\/p>\n\n\n\n<p>17 a 20 hs &#8211; Milonga \u201cLa Dominguera\u201d.<\/p>\n\n\n\n<p>Biblioteca Popular Bernardino Rivadavia (Mengelle 575).<br>Entrada a la gorra.<\/p>\n\n\n\n<p>Jueves a domingo<\/p>\n\n\n\n<p>15 a 20 hs &#8211; Muestra \u201cDinosaurios y otras bestias prehist\u00f3ricas\u201d.<\/p>\n\n\n\n<p>Complejo Cultural Cipolletti (Fern\u00e1ndez Oro 57).<br>Entrada libre y gratuita.<\/p>\n\n\n\n<p><em>General Roca<\/em><\/p>\n\n\n\n<p>18 de julio al 18 de agosto<\/p>\n\n\n\n<p>9 a 16 hs &#8211; Exposici\u00f3n del Poncho Rionegrino.<\/p>\n\n\n\n<p>Museo Patag\u00f3nico de Ciencias Naturales Juan Carlos Salgado (Av. Julio A. Roca 1250).<\/p>\n\n\n\n<p><em>Luis Beltr\u00e1n<\/em><\/p>\n\n\n\n<p>Jueves 20 de julio<\/p>\n\n\n\n<p>10 a 11:30 hs &#8211; Taller de danza-teatro dirigido a personas mayores de 60 a\u00f1os.<\/p>\n\n\n\n<p>Teatro El Galp\u00f3n (Saavedra 78).<br>Informes e inscripciones al correo&nbsp;romximena@gmail.com&nbsp;<\/p>\n<div class=\"fb-background-color\">\n\t\t\t  <div \n\t\t\t  \tclass = \"fb-comments\" \n\t\t\t  \tdata-href = \"https:\/\/www.elpolitologoyelpolitico.com.ar\/wordpress\/2023\/07\/14\/llega-la-agenda-cultural-con-muestras-y-exposiciones-como-protagonistas\/\"\n\t\t\t  \tdata-numposts = \"10\"\n\t\t\t  \tdata-lazy = \"true\"\n\t\t\t\tdata-colorscheme = \"light\"\n\t\t\t\tdata-order-by = \"social\"\n\t\t\t\tdata-mobile=true>\n\t\t\t  <\/div><\/div>\n\t\t  <style>\n\t\t    .fb-background-color {\n\t\t\t\tbackground: #ffffff !important;\n\t\t\t}\n\t\t\t.fb_iframe_widget_fluid_desktop iframe {\n\t\t\t    width: 100% !important;\n\t\t\t}\n\t\t  <\/style>\n\t\t  ","protected":false},"excerpt":{"rendered":"<p>Entre ellas se destacan la muestra \u201cDinosaurios y otras bestias prehist\u00f3ricas\u201d en Cipolletti, la exposici\u00f3n del Poncho Rionegrino en General Roca y \u201cVoces y Tinta: el Periodismo en Viedma\u201d, entre otras. Tambi\u00e9n, habr\u00e1 propuestas musicales en San Javier con el Certamen Nacional Folkl\u00f3rico Competitivo \u201cFuerte San Javier\u201d y se podr\u00e1 disfrutar de una tarde a [&hellip;]<\/p>\n","protected":false},"author":4,"featured_media":32466,"comment_status":"closed","ping_status":"closed","sticky":false,"template":"","format":"standard","meta":{"_joinchat":[],"footnotes":""},"categories":[39],"tags":[],"class_list":["post-32465","post","type-post","status-publish","format-standard","has-post-thumbnail","hentry","category-en-esta-seccion"],"_links":{"self":[{"href":"https:\/\/www.elpolitologoyelpolitico.com.ar\/wordpress\/wp-json\/wp\/v2\/posts\/32465","targetHints":{"allow":["GET"]}}],"collection":[{"href":"https:\/\/www.elpolitologoyelpolitico.com.ar\/wordpress\/wp-json\/wp\/v2\/posts"}],"about":[{"href":"https:\/\/www.elpolitologoyelpolitico.com.ar\/wordpress\/wp-json\/wp\/v2\/types\/post"}],"author":[{"embeddable":true,"href":"https:\/\/www.elpolitologoyelpolitico.com.ar\/wordpress\/wp-json\/wp\/v2\/users\/4"}],"replies":[{"embeddable":true,"href":"https:\/\/www.elpolitologoyelpolitico.com.ar\/wordpress\/wp-json\/wp\/v2\/comments?post=32465"}],"version-history":[{"count":0,"href":"https:\/\/www.elpolitologoyelpolitico.com.ar\/wordpress\/wp-json\/wp\/v2\/posts\/32465\/revisions"}],"wp:featuredmedia":[{"embeddable":true,"href":"https:\/\/www.elpolitologoyelpolitico.com.ar\/wordpress\/wp-json\/wp\/v2\/media\/32466"}],"wp:attachment":[{"href":"https:\/\/www.elpolitologoyelpolitico.com.ar\/wordpress\/wp-json\/wp\/v2\/media?parent=32465"}],"wp:term":[{"taxonomy":"category","embeddable":true,"href":"https:\/\/www.elpolitologoyelpolitico.com.ar\/wordpress\/wp-json\/wp\/v2\/categories?post=32465"},{"taxonomy":"post_tag","embeddable":true,"href":"https:\/\/www.elpolitologoyelpolitico.com.ar\/wordpress\/wp-json\/wp\/v2\/tags?post=32465"}],"curies":[{"name":"wp","href":"https:\/\/api.w.org\/{rel}","templated":true}]}}