{"id":32422,"date":"2023-07-13T18:22:22","date_gmt":"2023-07-13T18:22:22","guid":{"rendered":"https:\/\/www.elpolitologoyelpolitico.com.ar\/wordpress\/?p=32422"},"modified":"2023-07-13T18:22:24","modified_gmt":"2023-07-13T18:22:24","slug":"mas-de-400-viedmenses-finalizaron-los-talleres-de-oficio","status":"publish","type":"post","link":"https:\/\/www.elpolitologoyelpolitico.com.ar\/wordpress\/2023\/07\/13\/mas-de-400-viedmenses-finalizaron-los-talleres-de-oficio\/","title":{"rendered":"Mas de 400 viedmenses finalizaron los talleres de oficio"},"content":{"rendered":"\n<p>M\u00e1s de 400 viedmenses finalizaron con los talleres de oficio que el Gobierno de Viedma lleva adelante en espacios municipales y juntas vecinales.<\/p>\n\n\n\n<p>Las capacitaciones forman parte del programa municipal \u201cManos que Trabajan\u201d y \u201cPunto Digital\u201d que ofrecen diversos cursos de formaci\u00f3n en oficios y tambi\u00e9n en acceso a nuevas tecnolog\u00edas.<\/p>\n\n\n\n<p>Estas propuestas educativas permiten planificar y brindar herramientas acorde a las necesidades de cada vecina o vecino, mejorando competencias y habilidades adecuadas para la b\u00fasqueda de empleos.<\/p>\n\n\n\n<figure class=\"wp-block-gallery has-nested-images columns-default is-cropped wp-block-gallery-1 is-layout-flex wp-block-gallery-is-layout-flex\">\n<figure class=\"wp-block-image size-large\"><img fetchpriority=\"high\" decoding=\"async\" width=\"720\" height=\"480\" data-id=\"32424\" src=\"https:\/\/www.elpolitologoyelpolitico.com.ar\/wp-content\/uploads\/2023\/07\/IMG-20230713-WA0110.jpg\" alt=\"\" class=\"wp-image-32424\" srcset=\"https:\/\/www.elpolitologoyelpolitico.com.ar\/wp-content\/uploads\/2023\/07\/IMG-20230713-WA0110.jpg 720w, https:\/\/www.elpolitologoyelpolitico.com.ar\/wp-content\/uploads\/2023\/07\/IMG-20230713-WA0110-300x200.jpg 300w\" sizes=\"(max-width: 720px) 100vw, 720px\" \/><\/figure>\n\n\n\n<figure class=\"wp-block-image size-large\"><img decoding=\"async\" width=\"720\" height=\"480\" data-id=\"32425\" src=\"https:\/\/www.elpolitologoyelpolitico.com.ar\/wp-content\/uploads\/2023\/07\/IMG-20230713-WA0114.jpg\" alt=\"\" class=\"wp-image-32425\" srcset=\"https:\/\/www.elpolitologoyelpolitico.com.ar\/wp-content\/uploads\/2023\/07\/IMG-20230713-WA0114.jpg 720w, https:\/\/www.elpolitologoyelpolitico.com.ar\/wp-content\/uploads\/2023\/07\/IMG-20230713-WA0114-300x200.jpg 300w\" sizes=\"(max-width: 720px) 100vw, 720px\" \/><\/figure>\n\n\n\n<figure class=\"wp-block-image size-large\"><img decoding=\"async\" width=\"720\" height=\"480\" data-id=\"32426\" src=\"https:\/\/www.elpolitologoyelpolitico.com.ar\/wp-content\/uploads\/2023\/07\/IMG-20230713-WA0112.jpg\" alt=\"\" class=\"wp-image-32426\" srcset=\"https:\/\/www.elpolitologoyelpolitico.com.ar\/wp-content\/uploads\/2023\/07\/IMG-20230713-WA0112.jpg 720w, https:\/\/www.elpolitologoyelpolitico.com.ar\/wp-content\/uploads\/2023\/07\/IMG-20230713-WA0112-300x200.jpg 300w\" sizes=\"(max-width: 720px) 100vw, 720px\" \/><\/figure>\n<\/figure>\n<div class=\"fb-background-color\">\n\t\t\t  <div \n\t\t\t  \tclass = \"fb-comments\" \n\t\t\t  \tdata-href = \"https:\/\/www.elpolitologoyelpolitico.com.ar\/wordpress\/2023\/07\/13\/mas-de-400-viedmenses-finalizaron-los-talleres-de-oficio\/\"\n\t\t\t  \tdata-numposts = \"10\"\n\t\t\t  \tdata-lazy = \"true\"\n\t\t\t\tdata-colorscheme = \"light\"\n\t\t\t\tdata-order-by = \"social\"\n\t\t\t\tdata-mobile=true>\n\t\t\t  <\/div><\/div>\n\t\t  <style>\n\t\t    .fb-background-color {\n\t\t\t\tbackground: #ffffff !important;\n\t\t\t}\n\t\t\t.fb_iframe_widget_fluid_desktop iframe {\n\t\t\t    width: 100% !important;\n\t\t\t}\n\t\t  <\/style>\n\t\t  ","protected":false},"excerpt":{"rendered":"<p>M\u00e1s de 400 viedmenses finalizaron con los talleres de oficio que el Gobierno de Viedma lleva adelante en espacios municipales y juntas vecinales. Las capacitaciones forman parte del programa municipal \u201cManos que Trabajan\u201d y \u201cPunto Digital\u201d que ofrecen diversos cursos de formaci\u00f3n en oficios y tambi\u00e9n en acceso a nuevas tecnolog\u00edas. Estas propuestas educativas permiten [&hellip;]<\/p>\n","protected":false},"author":4,"featured_media":32423,"comment_status":"closed","ping_status":"closed","sticky":false,"template":"","format":"standard","meta":{"_joinchat":[],"footnotes":""},"categories":[39],"tags":[],"class_list":["post-32422","post","type-post","status-publish","format-standard","has-post-thumbnail","hentry","category-en-esta-seccion"],"_links":{"self":[{"href":"https:\/\/www.elpolitologoyelpolitico.com.ar\/wordpress\/wp-json\/wp\/v2\/posts\/32422","targetHints":{"allow":["GET"]}}],"collection":[{"href":"https:\/\/www.elpolitologoyelpolitico.com.ar\/wordpress\/wp-json\/wp\/v2\/posts"}],"about":[{"href":"https:\/\/www.elpolitologoyelpolitico.com.ar\/wordpress\/wp-json\/wp\/v2\/types\/post"}],"author":[{"embeddable":true,"href":"https:\/\/www.elpolitologoyelpolitico.com.ar\/wordpress\/wp-json\/wp\/v2\/users\/4"}],"replies":[{"embeddable":true,"href":"https:\/\/www.elpolitologoyelpolitico.com.ar\/wordpress\/wp-json\/wp\/v2\/comments?post=32422"}],"version-history":[{"count":0,"href":"https:\/\/www.elpolitologoyelpolitico.com.ar\/wordpress\/wp-json\/wp\/v2\/posts\/32422\/revisions"}],"wp:featuredmedia":[{"embeddable":true,"href":"https:\/\/www.elpolitologoyelpolitico.com.ar\/wordpress\/wp-json\/wp\/v2\/media\/32423"}],"wp:attachment":[{"href":"https:\/\/www.elpolitologoyelpolitico.com.ar\/wordpress\/wp-json\/wp\/v2\/media?parent=32422"}],"wp:term":[{"taxonomy":"category","embeddable":true,"href":"https:\/\/www.elpolitologoyelpolitico.com.ar\/wordpress\/wp-json\/wp\/v2\/categories?post=32422"},{"taxonomy":"post_tag","embeddable":true,"href":"https:\/\/www.elpolitologoyelpolitico.com.ar\/wordpress\/wp-json\/wp\/v2\/tags?post=32422"}],"curies":[{"name":"wp","href":"https:\/\/api.w.org\/{rel}","templated":true}]}}