{"id":32402,"date":"2023-07-12T18:18:25","date_gmt":"2023-07-12T18:18:25","guid":{"rendered":"https:\/\/www.elpolitologoyelpolitico.com.ar\/wordpress\/?p=32402"},"modified":"2023-07-12T18:24:26","modified_gmt":"2023-07-12T18:24:26","slug":"distincion-a-la-trayectoria-de-sofia-fernandez","status":"publish","type":"post","link":"https:\/\/www.elpolitologoyelpolitico.com.ar\/wordpress\/2023\/07\/12\/distincion-a-la-trayectoria-de-sofia-fernandez\/","title":{"rendered":"DISTINCI\u00d4N A LA TRAYECTORIA DE SOF\u00ccA FERN\u00c0NDEZ"},"content":{"rendered":"\n<p>En la 2\u00ba sesi\u00f3n especial del periodo 2023, se realiz\u00f3 la distinci\u00f3n a la trayectoria de Sof\u00eda Fern\u00e1ndez, que nos dejara f\u00edsicamente en 2021.<\/p>\n\n\n\n<p>Sof\u00eda, naci\u00f3 en Carmen de Patagones, en 1992, muy ligada a las artes, como el teatro, la literatura, la m\u00fasica, que la llev\u00f3 a formar parte del grupo de teatro \u201cEnciende la Noche\u201d. Terminados sus estudios secundarios, sigui\u00f3 su carrera art\u00edstica en Bah\u00eda Blanca, donde form\u00f3 parte de \u201cLa Panader\u00eda\u201d, centro cultural y el \u201cSemillero\u201d, grupo de producci\u00f3n teatral.<\/p>\n\n\n\n<p>Sof\u00eda, abandon\u00f3 esta tierra el 15 de septiembre de 2022, dejando sus afectos para recordarla siempre.<\/p>\n\n\n\n<p>Para \u00e9sta Sesi\u00f3n Especial, el Presidente del Cuerpo Julio Costantino, invit\u00f3 a su mam\u00e1 Liliana y su compa\u00f1ero de vida Mat\u00edas, al estrado para recordar a Sof\u00eda y su trayectoria. Participaron el Intendente Municipal, Jos\u00e9 Luis Zara, Concejales, familiares y amigos, en una sesi\u00f3n cargada de emoci\u00f3n.<\/p>\n\n\n\n<p>La resoluci\u00f3n, aprobada por unanimidad de Ediles expresa:<\/p>\n\n\n\n<p>POR TODO ELLO EL HONORABLE CONCEJO DELIBERANTE DEL PARTIDO DE PATAGONES, EJERCIENDO ATRIBUCIONES QUE LE CONFIERE LA LEY;<br>RESUELVE<\/p>\n\n\n\n<p>ART\u00cdCULO 1\u00ba: Dist\u00edngase a Fern\u00e1ndez Sof\u00eda vecina de Carmen de Patagones por su trayectoria art\u00edstica teatral.<\/p>\n\n\n\n<p>Estuvieron presentes en el Recinto de Sesiones: Presidente Julio Costantino, Secretaria Legislativa Claudia Negri Daurade. Concejales: Romina Colombi, Mar\u00eda Dolores Patan\u00e8, Rosario Melluso, Ricardo Angos, Mayra Sardi, Armando Baril\u00e1, Nicol\u00e1s Garc\u00eda, Noelia Sep\u00falveda, Santiago Dalmau y Fabiola Acosta Caballero.<\/p>\n\n\n\n<figure class=\"wp-block-gallery has-nested-images columns-default is-cropped wp-block-gallery-1 is-layout-flex wp-block-gallery-is-layout-flex\">\n<figure class=\"wp-block-image size-large\"><img fetchpriority=\"high\" decoding=\"async\" width=\"1024\" height=\"678\" data-id=\"32406\" src=\"https:\/\/www.elpolitologoyelpolitico.com.ar\/wp-content\/uploads\/2023\/07\/IMG-20230712-WA0026-1024x678.jpg\" alt=\"\" class=\"wp-image-32406\" srcset=\"https:\/\/www.elpolitologoyelpolitico.com.ar\/wp-content\/uploads\/2023\/07\/IMG-20230712-WA0026-1024x678.jpg 1024w, https:\/\/www.elpolitologoyelpolitico.com.ar\/wp-content\/uploads\/2023\/07\/IMG-20230712-WA0026-300x199.jpg 300w, https:\/\/www.elpolitologoyelpolitico.com.ar\/wp-content\/uploads\/2023\/07\/IMG-20230712-WA0026-768x508.jpg 768w, https:\/\/www.elpolitologoyelpolitico.com.ar\/wp-content\/uploads\/2023\/07\/IMG-20230712-WA0026-1536x1017.jpg 1536w, https:\/\/www.elpolitologoyelpolitico.com.ar\/wp-content\/uploads\/2023\/07\/IMG-20230712-WA0026.jpg 1600w\" sizes=\"(max-width: 1024px) 100vw, 1024px\" \/><\/figure>\n\n\n\n<figure class=\"wp-block-image size-large\"><img decoding=\"async\" width=\"1024\" height=\"678\" data-id=\"32407\" src=\"https:\/\/www.elpolitologoyelpolitico.com.ar\/wp-content\/uploads\/2023\/07\/IMG-20230712-WA0027-1024x678.jpg\" alt=\"\" class=\"wp-image-32407\" srcset=\"https:\/\/www.elpolitologoyelpolitico.com.ar\/wp-content\/uploads\/2023\/07\/IMG-20230712-WA0027-1024x678.jpg 1024w, https:\/\/www.elpolitologoyelpolitico.com.ar\/wp-content\/uploads\/2023\/07\/IMG-20230712-WA0027-300x199.jpg 300w, https:\/\/www.elpolitologoyelpolitico.com.ar\/wp-content\/uploads\/2023\/07\/IMG-20230712-WA0027-768x508.jpg 768w, https:\/\/www.elpolitologoyelpolitico.com.ar\/wp-content\/uploads\/2023\/07\/IMG-20230712-WA0027-1536x1017.jpg 1536w, https:\/\/www.elpolitologoyelpolitico.com.ar\/wp-content\/uploads\/2023\/07\/IMG-20230712-WA0027.jpg 1600w\" sizes=\"(max-width: 1024px) 100vw, 1024px\" \/><\/figure>\n<\/figure>\n<div class=\"fb-background-color\">\n\t\t\t  <div \n\t\t\t  \tclass = \"fb-comments\" \n\t\t\t  \tdata-href = \"https:\/\/www.elpolitologoyelpolitico.com.ar\/wordpress\/2023\/07\/12\/distincion-a-la-trayectoria-de-sofia-fernandez\/\"\n\t\t\t  \tdata-numposts = \"10\"\n\t\t\t  \tdata-lazy = \"true\"\n\t\t\t\tdata-colorscheme = \"light\"\n\t\t\t\tdata-order-by = \"social\"\n\t\t\t\tdata-mobile=true>\n\t\t\t  <\/div><\/div>\n\t\t  <style>\n\t\t    .fb-background-color {\n\t\t\t\tbackground: #ffffff !important;\n\t\t\t}\n\t\t\t.fb_iframe_widget_fluid_desktop iframe {\n\t\t\t    width: 100% !important;\n\t\t\t}\n\t\t  <\/style>\n\t\t  ","protected":false},"excerpt":{"rendered":"<p>En la 2\u00ba sesi\u00f3n especial del periodo 2023, se realiz\u00f3 la distinci\u00f3n a la trayectoria de Sof\u00eda Fern\u00e1ndez, que nos dejara f\u00edsicamente en 2021. Sof\u00eda, naci\u00f3 en Carmen de Patagones, en 1992, muy ligada a las artes, como el teatro, la literatura, la m\u00fasica, que la llev\u00f3 a formar parte del grupo de teatro \u201cEnciende [&hellip;]<\/p>\n","protected":false},"author":4,"featured_media":32403,"comment_status":"closed","ping_status":"closed","sticky":false,"template":"","format":"standard","meta":{"_joinchat":[],"footnotes":""},"categories":[39],"tags":[],"class_list":["post-32402","post","type-post","status-publish","format-standard","has-post-thumbnail","hentry","category-en-esta-seccion"],"_links":{"self":[{"href":"https:\/\/www.elpolitologoyelpolitico.com.ar\/wordpress\/wp-json\/wp\/v2\/posts\/32402","targetHints":{"allow":["GET"]}}],"collection":[{"href":"https:\/\/www.elpolitologoyelpolitico.com.ar\/wordpress\/wp-json\/wp\/v2\/posts"}],"about":[{"href":"https:\/\/www.elpolitologoyelpolitico.com.ar\/wordpress\/wp-json\/wp\/v2\/types\/post"}],"author":[{"embeddable":true,"href":"https:\/\/www.elpolitologoyelpolitico.com.ar\/wordpress\/wp-json\/wp\/v2\/users\/4"}],"replies":[{"embeddable":true,"href":"https:\/\/www.elpolitologoyelpolitico.com.ar\/wordpress\/wp-json\/wp\/v2\/comments?post=32402"}],"version-history":[{"count":0,"href":"https:\/\/www.elpolitologoyelpolitico.com.ar\/wordpress\/wp-json\/wp\/v2\/posts\/32402\/revisions"}],"wp:featuredmedia":[{"embeddable":true,"href":"https:\/\/www.elpolitologoyelpolitico.com.ar\/wordpress\/wp-json\/wp\/v2\/media\/32403"}],"wp:attachment":[{"href":"https:\/\/www.elpolitologoyelpolitico.com.ar\/wordpress\/wp-json\/wp\/v2\/media?parent=32402"}],"wp:term":[{"taxonomy":"category","embeddable":true,"href":"https:\/\/www.elpolitologoyelpolitico.com.ar\/wordpress\/wp-json\/wp\/v2\/categories?post=32402"},{"taxonomy":"post_tag","embeddable":true,"href":"https:\/\/www.elpolitologoyelpolitico.com.ar\/wordpress\/wp-json\/wp\/v2\/tags?post=32402"}],"curies":[{"name":"wp","href":"https:\/\/api.w.org\/{rel}","templated":true}]}}