{"id":32398,"date":"2023-07-12T17:53:48","date_gmt":"2023-07-12T17:53:48","guid":{"rendered":"https:\/\/www.elpolitologoyelpolitico.com.ar\/wordpress\/?p=32398"},"modified":"2023-07-12T17:53:50","modified_gmt":"2023-07-12T17:53:50","slug":"produccion-nuevos-avances-en-la-5o-reunion-del-consejo-apicola","status":"publish","type":"post","link":"https:\/\/www.elpolitologoyelpolitico.com.ar\/wordpress\/2023\/07\/12\/produccion-nuevos-avances-en-la-5o-reunion-del-consejo-apicola\/","title":{"rendered":"Producci\u00f3n: nuevos avances en la 5\u00ba reuni\u00f3n del Consejo Ap\u00edcola"},"content":{"rendered":"\n<p>De forma virtual se llev\u00f3 a cabo la 5\u00ba reuni\u00f3n del Consejo Ap\u00edcola en el que se abordaron temas relacionados a la realizaci\u00f3n de un plan de capacitaci\u00f3n, diplomatura, gesti\u00f3n de costos, emergencia ap\u00edcola y monitoreo para control del escarabajo de la colmena (PEC).<\/p>\n\n\n\n<p>El encuentro cont\u00f3 con la participaci\u00f3n del responsable Ap\u00edcola Nacional del CFI (Consejo Federal de Inversiones), Marcelo P\u00e9rez; referentes del INTA (Instituto Nacional de Tecnolog\u00eda Agropecuaria); SENASA (Servicio Nacional de Sanidad y Calidad Agroalimentaria); FunBaPa (Fundaci\u00f3n Barrera Zoofitosanitaria Patag\u00f3nica); CAFraM (C\u00e1mara Argentina de Fraccionadores de Miel); consejeros y consejeras apicultoras.<\/p>\n\n\n\n<p>Con&nbsp;el objetivo de&nbsp;compartir y facilitar el acceso a propuestas&nbsp;formativas, de perfeccionamiento y profesionalizaci\u00f3n para el sector, poniendo en valor las caracter\u00edsticas por regiones de la actividad,&nbsp;enmarcadas en el Consejo Ap\u00edcola,&nbsp;se presentaron los&nbsp;lineamientos&nbsp;generales de los distintos&nbsp;tipos de propuestas&nbsp;<br>formativas. Este espacio din\u00e1mico,&nbsp;permitir\u00e1 fortalecer los diferentes actores de la cadena,&nbsp;los sistemas ap\u00edcolas&nbsp;y&nbsp;sus servicios y funci\u00f3n en los ecosistemas.<\/p>\n\n\n\n<p>En este marco, se&nbsp;present\u00f3 la Diplomatura&nbsp;en&nbsp;\u00abGesti\u00f3n t\u00e9cnica productiva de emprendimientos Ap\u00edcolas\u00bb, a cargo del Ingeniero Agr\u00f3nomo, Germ\u00e1n&nbsp;Balvarrey. Esta diplomatura, que se llevar\u00e1 a cabo en modalidad&nbsp;semi-presencial, est\u00e1 especialmente dise\u00f1ada para emprendedores que se inician&nbsp;en el sector ap\u00edcola, as\u00ed como para productores y operarios en actividad. La iniciativa es organizada por la EEA INTA Valle Inferior, la Agencia de Desarrollo Micro-regional (Viedma \u2013 Patagones), la Subsecretar\u00eda de Extensi\u00f3n de la Sede Atl\u00e1ntica&nbsp;de la UNRN&nbsp;y el Consejo Ap\u00edcola de R\u00edo Negro.<\/p>\n\n\n\n<p>\u201cHace m\u00e1s de un a\u00f1o que venimos trabajando de manera conjunta para el&nbsp;desarrollo integral&nbsp;y sustentable de la actividad ap\u00edcola. Poniendo&nbsp;en valor&nbsp;a&nbsp;las abejas por la gran tarea que hacen&nbsp;en silencio como es&nbsp;la&nbsp;polinizaci\u00f3n, vital&nbsp;en relaci\u00f3n a&nbsp;la producci\u00f3n de alimentos y la importancia que tiene para la humanidad. Sin abejas no hay manzanas\u201d, resalt\u00f3 el presidente del Consejo Ap\u00edcola y subsecretario de Agricultura, Diego Gordon.<\/p>\n\n\n\n<p>Se&nbsp;present\u00f3 el trabajo en desarrollo sobre herramientas&nbsp;de c\u00e1lculos de&nbsp;costos&nbsp;para&nbsp;emprendimientos ap\u00edcolas. Busca&nbsp;brindar a los productores&nbsp;informaci\u00f3n&nbsp;de relevancia y detallada&nbsp;generada con datos propios,&nbsp;para la toma de decisiones, la posibilidad de planificar&nbsp;metas a corto, mediano y largo plazo&nbsp;y en&nbsp;un formato pr\u00e1ctico para lo\/as productores ap\u00edcolas.&nbsp;Este plan se est\u00e1 desarrollando en colaboraci\u00f3n con distintas \u00e1reas del Ministerio de Producci\u00f3n y Agroindustria y los organismos que conforman el Consejo Ap\u00edcola.<\/p>\n\n\n\n<p>Adem\u00e1s, se inform\u00f3 que, debido a las crecidas del R\u00edo Neuqu\u00e9n,<br>algunos productores ubicados en sus m\u00e1rgenes se vieron afectados. Ante esta situaci\u00f3n, el \u00c1rea Ap\u00edcola del Ministerio, en conjunto con INTA Alto Valle, llevar\u00e1 a cabo un relevamiento para gestionar los recursos necesarios que permitan a los productores reponer las colmenas afectadas, brindando el apoyo necesario en esta dif\u00edcil coyuntura.<\/p>\n\n\n\n<p>Otro importante proyecto propuesto en la reuni\u00f3n,&nbsp;fue la creaci\u00f3n de una&nbsp;Red de colmenas de vigilancia para el control del escarabajo conocido como PEC (Peque\u00f1o Escarabajo de las Colmenas), en l\u00ednea con la red nacional&nbsp;de vigilancia&nbsp;del SENASA. En esta iniciativa, los productores de diferentes regiones de la Provincia, especialmente en zonas lim\u00edtrofes,&nbsp;registran&nbsp;algunas de sus colmenas para&nbsp;monitorear y as\u00ed&nbsp;obtener informaci\u00f3n actualizada sobre la posible aparici\u00f3n de esta plaga ex\u00f3tica&nbsp;que&nbsp;parasita las colmenas de abejas y provoca severos da\u00f1os. Esta red de colmenas de vigilancia se convertir\u00e1 en una valiosa herramienta para detectar y controlar a tiempo la presencia del escarabajo y minimizar su impacto en las colmenas.<\/p>\n\n\n\n<p>La quinta reuni\u00f3n del Consejo Ap\u00edcola demostr\u00f3 una vez m\u00e1s el compromiso y la colaboraci\u00f3n entre los diferentes actores del sector ap\u00edcola. Estas iniciativas y proyectos fortalecen y profesionalizan la apicultura, brindando a los productores las herramientas necesarias para su desarrollo sostenible y el cuidado de las abejas, esenciales para nuestro ecosistema y la producci\u00f3n de alimentos.<\/p>\n\n\n\n<figure class=\"wp-block-image size-large\"><img fetchpriority=\"high\" decoding=\"async\" width=\"1024\" height=\"778\" src=\"https:\/\/www.elpolitologoyelpolitico.com.ar\/wp-content\/uploads\/2023\/07\/IMG-20230712-WA0016-1024x778.jpg\" alt=\"\" class=\"wp-image-32400\" srcset=\"https:\/\/www.elpolitologoyelpolitico.com.ar\/wp-content\/uploads\/2023\/07\/IMG-20230712-WA0016-1024x778.jpg 1024w, https:\/\/www.elpolitologoyelpolitico.com.ar\/wp-content\/uploads\/2023\/07\/IMG-20230712-WA0016-300x228.jpg 300w, https:\/\/www.elpolitologoyelpolitico.com.ar\/wp-content\/uploads\/2023\/07\/IMG-20230712-WA0016-768x583.jpg 768w, https:\/\/www.elpolitologoyelpolitico.com.ar\/wp-content\/uploads\/2023\/07\/IMG-20230712-WA0016.jpg 1280w\" sizes=\"(max-width: 1024px) 100vw, 1024px\" \/><\/figure>\n<div class=\"fb-background-color\">\n\t\t\t  <div \n\t\t\t  \tclass = \"fb-comments\" \n\t\t\t  \tdata-href = \"https:\/\/www.elpolitologoyelpolitico.com.ar\/wordpress\/2023\/07\/12\/produccion-nuevos-avances-en-la-5o-reunion-del-consejo-apicola\/\"\n\t\t\t  \tdata-numposts = \"10\"\n\t\t\t  \tdata-lazy = \"true\"\n\t\t\t\tdata-colorscheme = \"light\"\n\t\t\t\tdata-order-by = \"social\"\n\t\t\t\tdata-mobile=true>\n\t\t\t  <\/div><\/div>\n\t\t  <style>\n\t\t    .fb-background-color {\n\t\t\t\tbackground: #ffffff !important;\n\t\t\t}\n\t\t\t.fb_iframe_widget_fluid_desktop iframe {\n\t\t\t    width: 100% !important;\n\t\t\t}\n\t\t  <\/style>\n\t\t  ","protected":false},"excerpt":{"rendered":"<p>De forma virtual se llev\u00f3 a cabo la 5\u00ba reuni\u00f3n del Consejo Ap\u00edcola en el que se abordaron temas relacionados a la realizaci\u00f3n de un plan de capacitaci\u00f3n, diplomatura, gesti\u00f3n de costos, emergencia ap\u00edcola y monitoreo para control del escarabajo de la colmena (PEC). El encuentro cont\u00f3 con la participaci\u00f3n del responsable Ap\u00edcola Nacional del [&hellip;]<\/p>\n","protected":false},"author":4,"featured_media":32399,"comment_status":"closed","ping_status":"closed","sticky":false,"template":"","format":"standard","meta":{"_joinchat":[],"footnotes":""},"categories":[4],"tags":[],"class_list":["post-32398","post","type-post","status-publish","format-standard","has-post-thumbnail","hentry","category-politicas-publicas"],"_links":{"self":[{"href":"https:\/\/www.elpolitologoyelpolitico.com.ar\/wordpress\/wp-json\/wp\/v2\/posts\/32398","targetHints":{"allow":["GET"]}}],"collection":[{"href":"https:\/\/www.elpolitologoyelpolitico.com.ar\/wordpress\/wp-json\/wp\/v2\/posts"}],"about":[{"href":"https:\/\/www.elpolitologoyelpolitico.com.ar\/wordpress\/wp-json\/wp\/v2\/types\/post"}],"author":[{"embeddable":true,"href":"https:\/\/www.elpolitologoyelpolitico.com.ar\/wordpress\/wp-json\/wp\/v2\/users\/4"}],"replies":[{"embeddable":true,"href":"https:\/\/www.elpolitologoyelpolitico.com.ar\/wordpress\/wp-json\/wp\/v2\/comments?post=32398"}],"version-history":[{"count":0,"href":"https:\/\/www.elpolitologoyelpolitico.com.ar\/wordpress\/wp-json\/wp\/v2\/posts\/32398\/revisions"}],"wp:featuredmedia":[{"embeddable":true,"href":"https:\/\/www.elpolitologoyelpolitico.com.ar\/wordpress\/wp-json\/wp\/v2\/media\/32399"}],"wp:attachment":[{"href":"https:\/\/www.elpolitologoyelpolitico.com.ar\/wordpress\/wp-json\/wp\/v2\/media?parent=32398"}],"wp:term":[{"taxonomy":"category","embeddable":true,"href":"https:\/\/www.elpolitologoyelpolitico.com.ar\/wordpress\/wp-json\/wp\/v2\/categories?post=32398"},{"taxonomy":"post_tag","embeddable":true,"href":"https:\/\/www.elpolitologoyelpolitico.com.ar\/wordpress\/wp-json\/wp\/v2\/tags?post=32398"}],"curies":[{"name":"wp","href":"https:\/\/api.w.org\/{rel}","templated":true}]}}