{"id":32395,"date":"2023-07-12T17:29:47","date_gmt":"2023-07-12T17:29:47","guid":{"rendered":"https:\/\/www.elpolitologoyelpolitico.com.ar\/wordpress\/?p=32395"},"modified":"2023-07-12T17:29:48","modified_gmt":"2023-07-12T17:29:48","slug":"vacaciones-de-invierno-con-talleres-culturales-abiertos-al-publico","status":"publish","type":"post","link":"https:\/\/www.elpolitologoyelpolitico.com.ar\/wordpress\/2023\/07\/12\/vacaciones-de-invierno-con-talleres-culturales-abiertos-al-publico\/","title":{"rendered":"Vacaciones de Invierno con talleres culturales abiertos al p\u00fablico&nbsp;&nbsp;"},"content":{"rendered":"\n<p>El gobierno de Viedma comienza las vacaciones de invierno con actividades gratuitas y abiertas para ni\u00f1as, ni\u00f1os, adolescentes y adultos, sin inscripci\u00f3n previa.<\/p>\n\n\n\n<p>Con diferentes talleres en el Centro Municipal de Cultura, el Centro Cultural II (Mitre y en la Biblioteca Popular del balneario El C\u00f3ndor el cronograma de actividades es el siguiente:<\/p>\n\n\n\n<p>\u25cf Centro Cultural II: Hall y Salas.<br>Jueves 20 y viernes 21 de julio de 16hs.<\/p>\n\n\n\n<ul class=\"wp-block-list\"><li>\u201cGaler\u00eda de Juegos\u201d para ni\u00f1os hasta 7 a\u00f1os:<\/li><\/ul>\n\n\n\n<p>Romina Degliantoni, Nuria Iturra, Mart\u00edn Sanchez<br>&nbsp;<\/p>\n\n\n\n<p>\u25cf Viernes 14 de julio de 18hs.<\/p>\n\n\n\n<ul class=\"wp-block-list\"><li>Escenario Abierto (bailar, cantar, actuar, actividad para toda la familia)<\/li><\/ul>\n\n\n\n<p>A cargo de Jos\u00e9 Gutierrez, con el acompa\u00f1amiento de Richard Fuente.<\/p>\n\n\n\n<p>&nbsp;<br>\u25cf Centro Cultural:<\/p>\n\n\n\n<ul class=\"wp-block-list\"><li>Sala Biagetti<br>Lunes 10 y mi\u00e9rcoles 12&nbsp; de julio, de 18 a 20.<\/li><li>Tango para iniciales \u201cPrimeros Pasos\u201d (j\u00f3venes y adultos)<br>Silvia Nieto y Luis Le\u00f3n.<br>&nbsp;<\/li><li>Sala Danza<br>Martes 11 y Jueves 13 de julio, de 18hs<\/li><li>\u201cClases abiertas de Danza Contempor\u00e1nea\u201d (actividad para toda la familia)<br>Cynthia Lupia.<br>&nbsp;<\/li><li>Sala de Pl\u00e1stica:<br>Martes 11, jueves 12 y mi\u00e9rcoles 13, a las 16 a 17<\/li><li>\u201cTaller de Juegos y T\u00edteres\u201d (actividad para toda la familia)<\/li><\/ul>\n\n\n\n<p>Williams Cecilia<\/p>\n\n\n\n<p>\u25cf Biblioteca Balneario El C\u00f3ndor:<br>Mi\u00e9rcoles 12 y viernes 14 de julio de 17 a 19.<\/p>\n\n\n\n<p>-Teatro para J\u00f3venes y Adultos<br>IMPRO Teatro<br>Soraya Furfaro.<\/p>\n<div class=\"fb-background-color\">\n\t\t\t  <div \n\t\t\t  \tclass = \"fb-comments\" \n\t\t\t  \tdata-href = \"https:\/\/www.elpolitologoyelpolitico.com.ar\/wordpress\/2023\/07\/12\/vacaciones-de-invierno-con-talleres-culturales-abiertos-al-publico\/\"\n\t\t\t  \tdata-numposts = \"10\"\n\t\t\t  \tdata-lazy = \"true\"\n\t\t\t\tdata-colorscheme = \"light\"\n\t\t\t\tdata-order-by = \"social\"\n\t\t\t\tdata-mobile=true>\n\t\t\t  <\/div><\/div>\n\t\t  <style>\n\t\t    .fb-background-color {\n\t\t\t\tbackground: #ffffff !important;\n\t\t\t}\n\t\t\t.fb_iframe_widget_fluid_desktop iframe {\n\t\t\t    width: 100% !important;\n\t\t\t}\n\t\t  <\/style>\n\t\t  ","protected":false},"excerpt":{"rendered":"<p>El gobierno de Viedma comienza las vacaciones de invierno con actividades gratuitas y abiertas para ni\u00f1as, ni\u00f1os, adolescentes y adultos, sin inscripci\u00f3n previa. Con diferentes talleres en el Centro Municipal de Cultura, el Centro Cultural II (Mitre y en la Biblioteca Popular del balneario El C\u00f3ndor el cronograma de actividades es el siguiente: \u25cf Centro [&hellip;]<\/p>\n","protected":false},"author":4,"featured_media":32396,"comment_status":"closed","ping_status":"closed","sticky":false,"template":"","format":"standard","meta":{"_joinchat":[],"footnotes":""},"categories":[39],"tags":[],"class_list":["post-32395","post","type-post","status-publish","format-standard","has-post-thumbnail","hentry","category-en-esta-seccion"],"_links":{"self":[{"href":"https:\/\/www.elpolitologoyelpolitico.com.ar\/wordpress\/wp-json\/wp\/v2\/posts\/32395","targetHints":{"allow":["GET"]}}],"collection":[{"href":"https:\/\/www.elpolitologoyelpolitico.com.ar\/wordpress\/wp-json\/wp\/v2\/posts"}],"about":[{"href":"https:\/\/www.elpolitologoyelpolitico.com.ar\/wordpress\/wp-json\/wp\/v2\/types\/post"}],"author":[{"embeddable":true,"href":"https:\/\/www.elpolitologoyelpolitico.com.ar\/wordpress\/wp-json\/wp\/v2\/users\/4"}],"replies":[{"embeddable":true,"href":"https:\/\/www.elpolitologoyelpolitico.com.ar\/wordpress\/wp-json\/wp\/v2\/comments?post=32395"}],"version-history":[{"count":0,"href":"https:\/\/www.elpolitologoyelpolitico.com.ar\/wordpress\/wp-json\/wp\/v2\/posts\/32395\/revisions"}],"wp:featuredmedia":[{"embeddable":true,"href":"https:\/\/www.elpolitologoyelpolitico.com.ar\/wordpress\/wp-json\/wp\/v2\/media\/32396"}],"wp:attachment":[{"href":"https:\/\/www.elpolitologoyelpolitico.com.ar\/wordpress\/wp-json\/wp\/v2\/media?parent=32395"}],"wp:term":[{"taxonomy":"category","embeddable":true,"href":"https:\/\/www.elpolitologoyelpolitico.com.ar\/wordpress\/wp-json\/wp\/v2\/categories?post=32395"},{"taxonomy":"post_tag","embeddable":true,"href":"https:\/\/www.elpolitologoyelpolitico.com.ar\/wordpress\/wp-json\/wp\/v2\/tags?post=32395"}],"curies":[{"name":"wp","href":"https:\/\/api.w.org\/{rel}","templated":true}]}}