{"id":32386,"date":"2023-07-12T15:47:55","date_gmt":"2023-07-12T15:47:55","guid":{"rendered":"https:\/\/www.elpolitologoyelpolitico.com.ar\/wordpress\/?p=32386"},"modified":"2023-07-12T15:47:57","modified_gmt":"2023-07-12T15:47:57","slug":"por-cupos-agotados-se-cierran-las-inscripciones-para-el-curso-de-mucamas-os-para-servicios-de-salud","status":"publish","type":"post","link":"https:\/\/www.elpolitologoyelpolitico.com.ar\/wordpress\/2023\/07\/12\/por-cupos-agotados-se-cierran-las-inscripciones-para-el-curso-de-mucamas-os-para-servicios-de-salud\/","title":{"rendered":"Por cupos agotados, se cierran las inscripciones para el curso de Mucamas\/os para servicios de salud"},"content":{"rendered":"\n<p>Super\u00f3 la expectativa el n\u00famero de inscriptos para el curso de Mucamas\/os para servicios de salud.<\/p>\n\n\n\n<p>Por este motivo, se cierra la inscripci\u00f3n a fin de dar respuesta a los inscriptos hasta hoy, martes.<\/p>\n\n\n\n<p>La propuesta fue para 40 vacantes y, a 24 horas de abierta la inscripci\u00f3n, se registraron 1000 personas.<\/p>\n\n\n\n<p>Ante la gran demanda de inscriptos se reorganizar\u00e1 la propuesta para llegar al mayor n\u00famero de aspirantes posibles, comunic\u00e1ndonos a trav\u00e9s de los correos de contacto que colocaron en el formulario de inscripci\u00f3n.<\/p>\n\n\n\n<p>Se agradece el inter\u00e9s y la amplia participaci\u00f3n de la poblaci\u00f3n en respuesta a la convocatoria.<\/p>\n<div class=\"fb-background-color\">\n\t\t\t  <div \n\t\t\t  \tclass = \"fb-comments\" \n\t\t\t  \tdata-href = \"https:\/\/www.elpolitologoyelpolitico.com.ar\/wordpress\/2023\/07\/12\/por-cupos-agotados-se-cierran-las-inscripciones-para-el-curso-de-mucamas-os-para-servicios-de-salud\/\"\n\t\t\t  \tdata-numposts = \"10\"\n\t\t\t  \tdata-lazy = \"true\"\n\t\t\t\tdata-colorscheme = \"light\"\n\t\t\t\tdata-order-by = \"social\"\n\t\t\t\tdata-mobile=true>\n\t\t\t  <\/div><\/div>\n\t\t  <style>\n\t\t    .fb-background-color {\n\t\t\t\tbackground: #ffffff !important;\n\t\t\t}\n\t\t\t.fb_iframe_widget_fluid_desktop iframe {\n\t\t\t    width: 100% !important;\n\t\t\t}\n\t\t  <\/style>\n\t\t  ","protected":false},"excerpt":{"rendered":"<p>Super\u00f3 la expectativa el n\u00famero de inscriptos para el curso de Mucamas\/os para servicios de salud. Por este motivo, se cierra la inscripci\u00f3n a fin de dar respuesta a los inscriptos hasta hoy, martes. La propuesta fue para 40 vacantes y, a 24 horas de abierta la inscripci\u00f3n, se registraron 1000 personas. Ante la gran [&hellip;]<\/p>\n","protected":false},"author":4,"featured_media":32387,"comment_status":"closed","ping_status":"closed","sticky":false,"template":"","format":"standard","meta":{"_joinchat":[],"footnotes":""},"categories":[39],"tags":[],"class_list":["post-32386","post","type-post","status-publish","format-standard","has-post-thumbnail","hentry","category-en-esta-seccion"],"_links":{"self":[{"href":"https:\/\/www.elpolitologoyelpolitico.com.ar\/wordpress\/wp-json\/wp\/v2\/posts\/32386","targetHints":{"allow":["GET"]}}],"collection":[{"href":"https:\/\/www.elpolitologoyelpolitico.com.ar\/wordpress\/wp-json\/wp\/v2\/posts"}],"about":[{"href":"https:\/\/www.elpolitologoyelpolitico.com.ar\/wordpress\/wp-json\/wp\/v2\/types\/post"}],"author":[{"embeddable":true,"href":"https:\/\/www.elpolitologoyelpolitico.com.ar\/wordpress\/wp-json\/wp\/v2\/users\/4"}],"replies":[{"embeddable":true,"href":"https:\/\/www.elpolitologoyelpolitico.com.ar\/wordpress\/wp-json\/wp\/v2\/comments?post=32386"}],"version-history":[{"count":0,"href":"https:\/\/www.elpolitologoyelpolitico.com.ar\/wordpress\/wp-json\/wp\/v2\/posts\/32386\/revisions"}],"wp:featuredmedia":[{"embeddable":true,"href":"https:\/\/www.elpolitologoyelpolitico.com.ar\/wordpress\/wp-json\/wp\/v2\/media\/32387"}],"wp:attachment":[{"href":"https:\/\/www.elpolitologoyelpolitico.com.ar\/wordpress\/wp-json\/wp\/v2\/media?parent=32386"}],"wp:term":[{"taxonomy":"category","embeddable":true,"href":"https:\/\/www.elpolitologoyelpolitico.com.ar\/wordpress\/wp-json\/wp\/v2\/categories?post=32386"},{"taxonomy":"post_tag","embeddable":true,"href":"https:\/\/www.elpolitologoyelpolitico.com.ar\/wordpress\/wp-json\/wp\/v2\/tags?post=32386"}],"curies":[{"name":"wp","href":"https:\/\/api.w.org\/{rel}","templated":true}]}}