{"id":32363,"date":"2023-07-11T02:53:08","date_gmt":"2023-07-11T02:53:08","guid":{"rendered":"https:\/\/www.elpolitologoyelpolitico.com.ar\/wordpress\/?p=32363"},"modified":"2023-07-11T02:53:10","modified_gmt":"2023-07-11T02:53:10","slug":"otro-gran-encuentro-preventivo-se-vivio-en-la-escuela-secundaria-8-de-carmen-de-patagones","status":"publish","type":"post","link":"https:\/\/www.elpolitologoyelpolitico.com.ar\/wordpress\/2023\/07\/11\/otro-gran-encuentro-preventivo-se-vivio-en-la-escuela-secundaria-8-de-carmen-de-patagones\/","title":{"rendered":"Otro gran encuentro preventivo, se vivi\u00f3 en la Escuela Secundaria 8 de Carmen de Patagones."},"content":{"rendered":"\n<p>Con la presencia de alumnos y docentes se dio el taller \u00abQui\u00e9reme bien\u00bb, brindado por el equipo t\u00e9cnico de la Comisar\u00eda de la familia de Viedma acompa\u00f1ado por la Comisar\u00eda de la mujer de Patagones donde se busca prevenir y sensibilizar la violencia en el noviazgo teniendo en cuenta que en la Argentina durante los \u00faltimos a\u00f1os la violencia en las relaciones de pareja ha tomado gran relevancia social.<\/p>\n\n\n\n<p>El taller fue solicitado por la Directora del establecimiento educativo, Mariana Camou, quien desde el a\u00f1o pasado viene coordinando tareas con el \u00c1rea de Programas P\u00fablicos y sus diversos talleres y programas preventivos destinados a los alumnos de la Instituci\u00f3n.<\/p>\n\n\n\n<p>El Coordinador de \u00c1rea de Programas P\u00fablicos, Lucio G\u00e1latro agradeci\u00f3 nuevamente a la comunidad educativa que nos est\u00e1 abriendo las puertas para que j\u00f3venes y adultos tengan nuevas herramientas de capacitaci\u00f3n, permiti\u00e9ndonos un trabajo conjunto durante el 2023 para afianzar la construcci\u00f3n de espacios de prevenci\u00f3n y capacitaci\u00f3n en materia de las violencias y abusos\u00bb.<\/p>\n\n\n\n<figure class=\"wp-block-image size-large\"><img fetchpriority=\"high\" decoding=\"async\" width=\"1024\" height=\"461\" src=\"https:\/\/www.elpolitologoyelpolitico.com.ar\/wp-content\/uploads\/2023\/07\/IMG-20230710-WA0032-1024x461.jpg\" alt=\"\" class=\"wp-image-32365\" srcset=\"https:\/\/www.elpolitologoyelpolitico.com.ar\/wp-content\/uploads\/2023\/07\/IMG-20230710-WA0032-1024x461.jpg 1024w, https:\/\/www.elpolitologoyelpolitico.com.ar\/wp-content\/uploads\/2023\/07\/IMG-20230710-WA0032-300x135.jpg 300w, https:\/\/www.elpolitologoyelpolitico.com.ar\/wp-content\/uploads\/2023\/07\/IMG-20230710-WA0032-768x346.jpg 768w, https:\/\/www.elpolitologoyelpolitico.com.ar\/wp-content\/uploads\/2023\/07\/IMG-20230710-WA0032-1536x691.jpg 1536w, https:\/\/www.elpolitologoyelpolitico.com.ar\/wp-content\/uploads\/2023\/07\/IMG-20230710-WA0032.jpg 1600w\" sizes=\"(max-width: 1024px) 100vw, 1024px\" \/><\/figure>\n<div class=\"fb-background-color\">\n\t\t\t  <div \n\t\t\t  \tclass = \"fb-comments\" \n\t\t\t  \tdata-href = \"https:\/\/www.elpolitologoyelpolitico.com.ar\/wordpress\/2023\/07\/11\/otro-gran-encuentro-preventivo-se-vivio-en-la-escuela-secundaria-8-de-carmen-de-patagones\/\"\n\t\t\t  \tdata-numposts = \"10\"\n\t\t\t  \tdata-lazy = \"true\"\n\t\t\t\tdata-colorscheme = \"light\"\n\t\t\t\tdata-order-by = \"social\"\n\t\t\t\tdata-mobile=true>\n\t\t\t  <\/div><\/div>\n\t\t  <style>\n\t\t    .fb-background-color {\n\t\t\t\tbackground: #ffffff !important;\n\t\t\t}\n\t\t\t.fb_iframe_widget_fluid_desktop iframe {\n\t\t\t    width: 100% !important;\n\t\t\t}\n\t\t  <\/style>\n\t\t  ","protected":false},"excerpt":{"rendered":"<p>Con la presencia de alumnos y docentes se dio el taller \u00abQui\u00e9reme bien\u00bb, brindado por el equipo t\u00e9cnico de la Comisar\u00eda de la familia de Viedma acompa\u00f1ado por la Comisar\u00eda de la mujer de Patagones donde se busca prevenir y sensibilizar la violencia en el noviazgo teniendo en cuenta que en la Argentina durante los [&hellip;]<\/p>\n","protected":false},"author":4,"featured_media":32364,"comment_status":"closed","ping_status":"closed","sticky":false,"template":"","format":"standard","meta":{"_joinchat":[],"footnotes":""},"categories":[39],"tags":[],"class_list":["post-32363","post","type-post","status-publish","format-standard","has-post-thumbnail","hentry","category-en-esta-seccion"],"_links":{"self":[{"href":"https:\/\/www.elpolitologoyelpolitico.com.ar\/wordpress\/wp-json\/wp\/v2\/posts\/32363","targetHints":{"allow":["GET"]}}],"collection":[{"href":"https:\/\/www.elpolitologoyelpolitico.com.ar\/wordpress\/wp-json\/wp\/v2\/posts"}],"about":[{"href":"https:\/\/www.elpolitologoyelpolitico.com.ar\/wordpress\/wp-json\/wp\/v2\/types\/post"}],"author":[{"embeddable":true,"href":"https:\/\/www.elpolitologoyelpolitico.com.ar\/wordpress\/wp-json\/wp\/v2\/users\/4"}],"replies":[{"embeddable":true,"href":"https:\/\/www.elpolitologoyelpolitico.com.ar\/wordpress\/wp-json\/wp\/v2\/comments?post=32363"}],"version-history":[{"count":0,"href":"https:\/\/www.elpolitologoyelpolitico.com.ar\/wordpress\/wp-json\/wp\/v2\/posts\/32363\/revisions"}],"wp:featuredmedia":[{"embeddable":true,"href":"https:\/\/www.elpolitologoyelpolitico.com.ar\/wordpress\/wp-json\/wp\/v2\/media\/32364"}],"wp:attachment":[{"href":"https:\/\/www.elpolitologoyelpolitico.com.ar\/wordpress\/wp-json\/wp\/v2\/media?parent=32363"}],"wp:term":[{"taxonomy":"category","embeddable":true,"href":"https:\/\/www.elpolitologoyelpolitico.com.ar\/wordpress\/wp-json\/wp\/v2\/categories?post=32363"},{"taxonomy":"post_tag","embeddable":true,"href":"https:\/\/www.elpolitologoyelpolitico.com.ar\/wordpress\/wp-json\/wp\/v2\/tags?post=32363"}],"curies":[{"name":"wp","href":"https:\/\/api.w.org\/{rel}","templated":true}]}}