{"id":32352,"date":"2023-07-10T17:46:20","date_gmt":"2023-07-10T17:46:20","guid":{"rendered":"https:\/\/www.elpolitologoyelpolitico.com.ar\/wordpress\/?p=32352"},"modified":"2023-07-10T17:46:22","modified_gmt":"2023-07-10T17:46:22","slug":"escarlatina-o-fiebre-escarlata-la-enfermedad-que-esta-en-la-mira-en-estos-momentos","status":"publish","type":"post","link":"https:\/\/www.elpolitologoyelpolitico.com.ar\/wordpress\/2023\/07\/10\/escarlatina-o-fiebre-escarlata-la-enfermedad-que-esta-en-la-mira-en-estos-momentos\/","title":{"rendered":"Escarlatina o Fiebre Escarlata: La enfermedad que esta en la mira en estos momentos"},"content":{"rendered":"\n<p>El Ministerio de Salud de R\u00edo Negro quiere brindar informaci\u00f3n sobre esta enfermedad infecciosa t\u00edpica de la infancia, con mayor incidencia entre los 2 y 8 a\u00f1os de edad, caracterizada por un exantema o erupci\u00f3n cut\u00e1nea asociada a una faringoamigadalitis aguda (anginas).<\/p>\n\n\n\n<p>El exantema por estreptococo es causado por una bacteria llamada Estreptococo beta hemol\u00edtico del grupo A (pyogenes) que produce una toxina que ocasiona el exantema.<\/p>\n\n\n\n<p>En otros casos esta bacteria puede producir infecci\u00f3n como consecuencia de una herida.<\/p>\n\n\n\n<p>Los s\u00edntomas de la Escarlatina tras un per\u00edodo de incubaci\u00f3n entre 2 y 5 d\u00edas, se caracteriza por:<\/p>\n\n\n\n<p>\u00b7&nbsp; &nbsp;Fiebre alta mayor de 38.5\u00b0C de inicio brusco de 3-5 d\u00edas de evoluci\u00f3n.<\/p>\n\n\n\n<p>\u00b7&nbsp; &nbsp;Dolor de garganta secundario a faringoamigdalitis (generalmente con placas de pus en am\u00edgdalas).<\/p>\n\n\n\n<p>\u00b7&nbsp; &nbsp;Ocasionalmente dolor abdominal, v\u00f3mitos y cefalea (dolor de cabeza).<\/p>\n\n\n\n<p>\u00b7&nbsp; &nbsp;Exantema o erupci\u00f3n cut\u00e1nea: aparece entre 12-48 hs tras el inicio de la fiebre. Caracterizado por un sarpullido rojizo y rasposo al tacto \u201cpapel de lija o piel de gallina\u201d.<\/p>\n\n\n\n<p>Aparece inicialmente en cara y cuello (respetando la zona de alrededor de la boca) y posteriormente se va extendiendo de arriba hacia abajo al t\u00f3rax y las extremidades siendo m\u00e1s intenso en las zonas de flexuras y pliegues.<\/p>\n\n\n\n<p>En ocasiones produce prurito. Su duraci\u00f3n oscila entre 3-7 d\u00edas y tras desaparecer produce descamaci\u00f3n de la piel.<\/p>\n\n\n\n<p>\u00b7 Pueden presentar lengua de aspecto aframbuesado (base blanquecina con p\u00e1pulas rojizas).<\/p>\n\n\n\n<p>\u00bfC\u00f3mo se diagnostica?<\/p>\n\n\n\n<p>El diagn\u00f3stico suele ser cl\u00ednico, al evidenciar el exantema cut\u00e1neo caracter\u00edstico de esta enfermedad generalmente acompa\u00f1ada de anginas.<\/p>\n\n\n\n<p>Sin embargo se puede realizar en la urgencia un test r\u00e1pido para detectar esta bacteria en una muestra tomada de la faringe y am\u00edgdalas (ant\u00edgeno de Estreptococo del grupo A).<\/p>\n\n\n\n<p>\u00bfCu\u00e1l es el tratamiento?<\/p>\n\n\n\n<p>Al tratarse de una bacteria administramos tratamiento antibi\u00f3tico por v\u00eda oral siendo de elecci\u00f3n la penicilina durante 10 d\u00edas.<\/p>\n\n\n\n<p>En caso de prurito, se puede asociar antihistam\u00ednicos por v\u00eda oral. No es necesario aplicar tratamientos t\u00f3picos en la piel.<\/p>\n\n\n\n<p>\u00bfPuede ser recurrente?<\/p>\n\n\n\n<p>Si es posible, ya que existen al menos tres tipos diferentes de toxinas productoras del exantema, por lo que una misma persona puede presentar varios episodios de escarlatina por toxinas frente a las que no ha creado anticuerpos.<\/p>\n\n\n\n<p>Prevenci\u00f3n<\/p>\n\n\n\n<p>\u2022 Lavarse las manos despu\u00e9s de estar en contacto con alguien enfermo.<\/p>\n\n\n\n<p>\u2022 Evitar acudir a jardines o guarder\u00edas hasta que desaparezca la fiebre o tras 24-48 horas de inicio del tratamiento antibi\u00f3tico.<br>\u2022 Evitar el contacto estrecho con ni\u00f1os diagnosticados de escarlatina.<\/p>\n\n\n\n<p>El contagio de la escarlatina ocurre a trav\u00e9s de gotitas de secreciones respiratorias de la persona enferma o en casos m\u00e1s raros de un portador sano (persona portadora del estreptococo que no tiene s\u00edntomas).<\/p>\n\n\n\n<p>En algunas ocasiones se pueden producir a consecuencia de la infecci\u00f3n de una herida por el S pyogenes (en estos casos no suelen presentar faringoamigdalitis).<\/p>\n<div class=\"fb-background-color\">\n\t\t\t  <div \n\t\t\t  \tclass = \"fb-comments\" \n\t\t\t  \tdata-href = \"https:\/\/www.elpolitologoyelpolitico.com.ar\/wordpress\/2023\/07\/10\/escarlatina-o-fiebre-escarlata-la-enfermedad-que-esta-en-la-mira-en-estos-momentos\/\"\n\t\t\t  \tdata-numposts = \"10\"\n\t\t\t  \tdata-lazy = \"true\"\n\t\t\t\tdata-colorscheme = \"light\"\n\t\t\t\tdata-order-by = \"social\"\n\t\t\t\tdata-mobile=true>\n\t\t\t  <\/div><\/div>\n\t\t  <style>\n\t\t    .fb-background-color {\n\t\t\t\tbackground: #ffffff !important;\n\t\t\t}\n\t\t\t.fb_iframe_widget_fluid_desktop iframe {\n\t\t\t    width: 100% !important;\n\t\t\t}\n\t\t  <\/style>\n\t\t  ","protected":false},"excerpt":{"rendered":"<p>El Ministerio de Salud de R\u00edo Negro quiere brindar informaci\u00f3n sobre esta enfermedad infecciosa t\u00edpica de la infancia, con mayor incidencia entre los 2 y 8 a\u00f1os de edad, caracterizada por un exantema o erupci\u00f3n cut\u00e1nea asociada a una faringoamigadalitis aguda (anginas). El exantema por estreptococo es causado por una bacteria llamada Estreptococo beta hemol\u00edtico [&hellip;]<\/p>\n","protected":false},"author":4,"featured_media":32353,"comment_status":"closed","ping_status":"closed","sticky":false,"template":"","format":"standard","meta":{"_joinchat":[],"footnotes":""},"categories":[39],"tags":[],"class_list":["post-32352","post","type-post","status-publish","format-standard","has-post-thumbnail","hentry","category-en-esta-seccion"],"_links":{"self":[{"href":"https:\/\/www.elpolitologoyelpolitico.com.ar\/wordpress\/wp-json\/wp\/v2\/posts\/32352","targetHints":{"allow":["GET"]}}],"collection":[{"href":"https:\/\/www.elpolitologoyelpolitico.com.ar\/wordpress\/wp-json\/wp\/v2\/posts"}],"about":[{"href":"https:\/\/www.elpolitologoyelpolitico.com.ar\/wordpress\/wp-json\/wp\/v2\/types\/post"}],"author":[{"embeddable":true,"href":"https:\/\/www.elpolitologoyelpolitico.com.ar\/wordpress\/wp-json\/wp\/v2\/users\/4"}],"replies":[{"embeddable":true,"href":"https:\/\/www.elpolitologoyelpolitico.com.ar\/wordpress\/wp-json\/wp\/v2\/comments?post=32352"}],"version-history":[{"count":0,"href":"https:\/\/www.elpolitologoyelpolitico.com.ar\/wordpress\/wp-json\/wp\/v2\/posts\/32352\/revisions"}],"wp:featuredmedia":[{"embeddable":true,"href":"https:\/\/www.elpolitologoyelpolitico.com.ar\/wordpress\/wp-json\/wp\/v2\/media\/32353"}],"wp:attachment":[{"href":"https:\/\/www.elpolitologoyelpolitico.com.ar\/wordpress\/wp-json\/wp\/v2\/media?parent=32352"}],"wp:term":[{"taxonomy":"category","embeddable":true,"href":"https:\/\/www.elpolitologoyelpolitico.com.ar\/wordpress\/wp-json\/wp\/v2\/categories?post=32352"},{"taxonomy":"post_tag","embeddable":true,"href":"https:\/\/www.elpolitologoyelpolitico.com.ar\/wordpress\/wp-json\/wp\/v2\/tags?post=32352"}],"curies":[{"name":"wp","href":"https:\/\/api.w.org\/{rel}","templated":true}]}}