{"id":32349,"date":"2023-07-10T17:10:39","date_gmt":"2023-07-10T17:10:39","guid":{"rendered":"https:\/\/www.elpolitologoyelpolitico.com.ar\/wordpress\/?p=32349"},"modified":"2023-07-10T17:10:41","modified_gmt":"2023-07-10T17:10:41","slug":"se-viene-la-gran-expo-un-sueno-de-chocolate-en-viedma","status":"publish","type":"post","link":"https:\/\/www.elpolitologoyelpolitico.com.ar\/wordpress\/2023\/07\/10\/se-viene-la-gran-expo-un-sueno-de-chocolate-en-viedma\/","title":{"rendered":"SE VIENE LA GRAN EXPO \u00abUN SUE\u00d1O DE CHOCOLATE\u00bb EN VIEDMA"},"content":{"rendered":"\n<p>El viernes 14 de julio de 10 a 13 y de 16 a 20 en el Centro sumate a disfrutar de la gran expo \u00abun Sue\u00f1o de Chocolate\u00bb en el Centro Municipal de Cultura con entrada libre y gratuita.<\/p>\n\n\n\n<p>La expo es organizada por la \u201cFundaci\u00f3n M\u00e1s que Vencedores\u201d con el acompa\u00f1amiento del Gobierno de Viedma y contar\u00e1 con una demostraci\u00f3n en vivo donde se explicar\u00e1 la metodolog\u00eda de trabajo, una degustaci\u00f3n y se podr\u00e1 visitar los stands con sus respectivos productos.<\/p>\n\n\n\n<p>En esta oportunidad tambi\u00e9n se podr\u00e1 encontrar productos para veganos y aptos para celiacos.<\/p>\n<div class=\"fb-background-color\">\n\t\t\t  <div \n\t\t\t  \tclass = \"fb-comments\" \n\t\t\t  \tdata-href = \"https:\/\/www.elpolitologoyelpolitico.com.ar\/wordpress\/2023\/07\/10\/se-viene-la-gran-expo-un-sueno-de-chocolate-en-viedma\/\"\n\t\t\t  \tdata-numposts = \"10\"\n\t\t\t  \tdata-lazy = \"true\"\n\t\t\t\tdata-colorscheme = \"light\"\n\t\t\t\tdata-order-by = \"social\"\n\t\t\t\tdata-mobile=true>\n\t\t\t  <\/div><\/div>\n\t\t  <style>\n\t\t    .fb-background-color {\n\t\t\t\tbackground: #ffffff !important;\n\t\t\t}\n\t\t\t.fb_iframe_widget_fluid_desktop iframe {\n\t\t\t    width: 100% !important;\n\t\t\t}\n\t\t  <\/style>\n\t\t  ","protected":false},"excerpt":{"rendered":"<p>El viernes 14 de julio de 10 a 13 y de 16 a 20 en el Centro sumate a disfrutar de la gran expo \u00abun Sue\u00f1o de Chocolate\u00bb en el Centro Municipal de Cultura con entrada libre y gratuita. La expo es organizada por la \u201cFundaci\u00f3n M\u00e1s que Vencedores\u201d con el acompa\u00f1amiento del Gobierno de [&hellip;]<\/p>\n","protected":false},"author":4,"featured_media":32350,"comment_status":"closed","ping_status":"closed","sticky":false,"template":"","format":"standard","meta":{"_joinchat":[],"footnotes":""},"categories":[39],"tags":[],"class_list":["post-32349","post","type-post","status-publish","format-standard","has-post-thumbnail","hentry","category-en-esta-seccion"],"_links":{"self":[{"href":"https:\/\/www.elpolitologoyelpolitico.com.ar\/wordpress\/wp-json\/wp\/v2\/posts\/32349","targetHints":{"allow":["GET"]}}],"collection":[{"href":"https:\/\/www.elpolitologoyelpolitico.com.ar\/wordpress\/wp-json\/wp\/v2\/posts"}],"about":[{"href":"https:\/\/www.elpolitologoyelpolitico.com.ar\/wordpress\/wp-json\/wp\/v2\/types\/post"}],"author":[{"embeddable":true,"href":"https:\/\/www.elpolitologoyelpolitico.com.ar\/wordpress\/wp-json\/wp\/v2\/users\/4"}],"replies":[{"embeddable":true,"href":"https:\/\/www.elpolitologoyelpolitico.com.ar\/wordpress\/wp-json\/wp\/v2\/comments?post=32349"}],"version-history":[{"count":0,"href":"https:\/\/www.elpolitologoyelpolitico.com.ar\/wordpress\/wp-json\/wp\/v2\/posts\/32349\/revisions"}],"wp:featuredmedia":[{"embeddable":true,"href":"https:\/\/www.elpolitologoyelpolitico.com.ar\/wordpress\/wp-json\/wp\/v2\/media\/32350"}],"wp:attachment":[{"href":"https:\/\/www.elpolitologoyelpolitico.com.ar\/wordpress\/wp-json\/wp\/v2\/media?parent=32349"}],"wp:term":[{"taxonomy":"category","embeddable":true,"href":"https:\/\/www.elpolitologoyelpolitico.com.ar\/wordpress\/wp-json\/wp\/v2\/categories?post=32349"},{"taxonomy":"post_tag","embeddable":true,"href":"https:\/\/www.elpolitologoyelpolitico.com.ar\/wordpress\/wp-json\/wp\/v2\/tags?post=32349"}],"curies":[{"name":"wp","href":"https:\/\/api.w.org\/{rel}","templated":true}]}}