{"id":32342,"date":"2023-07-10T14:13:42","date_gmt":"2023-07-10T14:13:42","guid":{"rendered":"https:\/\/www.elpolitologoyelpolitico.com.ar\/wordpress\/?p=32342"},"modified":"2023-07-10T14:13:44","modified_gmt":"2023-07-10T14:13:44","slug":"convocatoria-a-inscripcion-para-el-curso-de-formacion-de-mucama-o-para-servicios-de-salud","status":"publish","type":"post","link":"https:\/\/www.elpolitologoyelpolitico.com.ar\/wordpress\/2023\/07\/10\/convocatoria-a-inscripcion-para-el-curso-de-formacion-de-mucama-o-para-servicios-de-salud\/","title":{"rendered":"Convocatoria a inscripci\u00f3n para el \u201cCurso de formaci\u00f3n de Mucama\/o para servicios de Salud\u201d"},"content":{"rendered":"\n<p>La Municipalidad de Patagones, abre la inscripci\u00f3n para realizar el \u201cCurso de formaci\u00f3n de Mucama\/o para servicios de Salud\u201d.<\/p>\n\n\n\n<p>Se trata de una propuesta de formaci\u00f3n, que consta de 5 m\u00f3dulos, te\u00f3rico\/pr\u00e1cticos, relacionados con normas generales y necesarias para brindar un servicio de higiene y limpieza de acuerdo a la normativa: limpieza y desinfecci\u00f3n, uso de diversos productos, diferencia de sectores seg\u00fan especificaciones, normas de seguridad e higiene, RCP, tipos de residuos, y otros temas. Los docentes a cargo, pertenecen al Departamento de Seguridad e Higiene , Departamento de Mucamas, Programas Sanitarios y Departamento de Enfermer\u00eda.<\/p>\n\n\n\n<p>Informaci\u00f3n importante:<\/p>\n\n\n\n<p>-Destinatarios: p\u00fablico en general y personal municipal interesado en la tem\u00e1tica<\/p>\n\n\n\n<p>Inscripciones: desde el 10 al 20 de julio inclusive, a trav\u00e9s del siguiente<br>link: https:\/\/docs.google.com\/forms\/d\/e\/1FAIpQLSeOQvLH43Gv4zaIWA06JFXR3x5DE4G71zwf8InLlpAFncVGAA\/viewform?usp=sf_link<\/p>\n\n\n\n<p>-Requisitos de inscripci\u00f3n: ser mayor de 18 a\u00f1os, contar con estudios primarios completos.<\/p>\n\n\n\n<p>-Duraci\u00f3n: 12 semanas<\/p>\n\n\n\n<p>-Fecha de Inicio: 24\/07\/2023<\/p>\n\n\n\n<p>-Fecha de finalizaci\u00f3n: 12\/10\/2023<\/p>\n\n\n\n<p>-D\u00edas y horario de cursada: lunes y viernes de 18 a 20 horas.<\/p>\n\n\n\n<p>-Modalidad: presencial, en el CIC, calle Sor Vallese y Domingo de Oro, Carmen<br>de Patagones<\/p>\n\n\n\n<p>-Cupos: 40 vacantes<\/p>\n\n\n\n<p>-Requisitos para su aprobaci\u00f3n: 80% de asistencia y aprobar la evaluaci\u00f3n final.<\/p>\n\n\n\n<p>La propuesta se desarrolla a partir del trabajo en equipo, desde la Secretar\u00eda de Gobierno, la Subsecretar\u00eda de Recursos Humanos, la Secretaria de Salud y el \u00e1rea de Coordinaci\u00f3n de Programas Sanitarios, con el prop\u00f3sito de brindar a la comunidad, a trav\u00e9s de la capacitaci\u00f3n, una herramienta para la inserci\u00f3n laboral, en \u00e1mbitos p\u00fablicos y\/o privados, relacionados con la salud.<\/p>\n<div class=\"fb-background-color\">\n\t\t\t  <div \n\t\t\t  \tclass = \"fb-comments\" \n\t\t\t  \tdata-href = \"https:\/\/www.elpolitologoyelpolitico.com.ar\/wordpress\/2023\/07\/10\/convocatoria-a-inscripcion-para-el-curso-de-formacion-de-mucama-o-para-servicios-de-salud\/\"\n\t\t\t  \tdata-numposts = \"10\"\n\t\t\t  \tdata-lazy = \"true\"\n\t\t\t\tdata-colorscheme = \"light\"\n\t\t\t\tdata-order-by = \"social\"\n\t\t\t\tdata-mobile=true>\n\t\t\t  <\/div><\/div>\n\t\t  <style>\n\t\t    .fb-background-color {\n\t\t\t\tbackground: #ffffff !important;\n\t\t\t}\n\t\t\t.fb_iframe_widget_fluid_desktop iframe {\n\t\t\t    width: 100% !important;\n\t\t\t}\n\t\t  <\/style>\n\t\t  ","protected":false},"excerpt":{"rendered":"<p>La Municipalidad de Patagones, abre la inscripci\u00f3n para realizar el \u201cCurso de formaci\u00f3n de Mucama\/o para servicios de Salud\u201d. Se trata de una propuesta de formaci\u00f3n, que consta de 5 m\u00f3dulos, te\u00f3rico\/pr\u00e1cticos, relacionados con normas generales y necesarias para brindar un servicio de higiene y limpieza de acuerdo a la normativa: limpieza y desinfecci\u00f3n, uso [&hellip;]<\/p>\n","protected":false},"author":4,"featured_media":32343,"comment_status":"closed","ping_status":"closed","sticky":false,"template":"","format":"standard","meta":{"_joinchat":[],"footnotes":""},"categories":[39],"tags":[],"class_list":["post-32342","post","type-post","status-publish","format-standard","has-post-thumbnail","hentry","category-en-esta-seccion"],"_links":{"self":[{"href":"https:\/\/www.elpolitologoyelpolitico.com.ar\/wordpress\/wp-json\/wp\/v2\/posts\/32342","targetHints":{"allow":["GET"]}}],"collection":[{"href":"https:\/\/www.elpolitologoyelpolitico.com.ar\/wordpress\/wp-json\/wp\/v2\/posts"}],"about":[{"href":"https:\/\/www.elpolitologoyelpolitico.com.ar\/wordpress\/wp-json\/wp\/v2\/types\/post"}],"author":[{"embeddable":true,"href":"https:\/\/www.elpolitologoyelpolitico.com.ar\/wordpress\/wp-json\/wp\/v2\/users\/4"}],"replies":[{"embeddable":true,"href":"https:\/\/www.elpolitologoyelpolitico.com.ar\/wordpress\/wp-json\/wp\/v2\/comments?post=32342"}],"version-history":[{"count":0,"href":"https:\/\/www.elpolitologoyelpolitico.com.ar\/wordpress\/wp-json\/wp\/v2\/posts\/32342\/revisions"}],"wp:featuredmedia":[{"embeddable":true,"href":"https:\/\/www.elpolitologoyelpolitico.com.ar\/wordpress\/wp-json\/wp\/v2\/media\/32343"}],"wp:attachment":[{"href":"https:\/\/www.elpolitologoyelpolitico.com.ar\/wordpress\/wp-json\/wp\/v2\/media?parent=32342"}],"wp:term":[{"taxonomy":"category","embeddable":true,"href":"https:\/\/www.elpolitologoyelpolitico.com.ar\/wordpress\/wp-json\/wp\/v2\/categories?post=32342"},{"taxonomy":"post_tag","embeddable":true,"href":"https:\/\/www.elpolitologoyelpolitico.com.ar\/wordpress\/wp-json\/wp\/v2\/tags?post=32342"}],"curies":[{"name":"wp","href":"https:\/\/api.w.org\/{rel}","templated":true}]}}