{"id":32338,"date":"2023-07-10T00:05:00","date_gmt":"2023-07-10T00:05:00","guid":{"rendered":"https:\/\/www.elpolitologoyelpolitico.com.ar\/wordpress\/?p=32338"},"modified":"2023-07-10T00:05:02","modified_gmt":"2023-07-10T00:05:02","slug":"salud-trabaja-para-detectar-violencia-de-genero-en-consultas-odontologicas","status":"publish","type":"post","link":"https:\/\/www.elpolitologoyelpolitico.com.ar\/wordpress\/2023\/07\/10\/salud-trabaja-para-detectar-violencia-de-genero-en-consultas-odontologicas\/","title":{"rendered":"Salud trabaja para detectar violencia de g\u00e9nero en consultas odontol\u00f3gicas"},"content":{"rendered":"\n<p>Organizado por el Ministerio de Salud, se desarroll\u00f3 en Viedma un encuentro de di\u00e1logo e intercambio para la detecci\u00f3n y atenci\u00f3n de lesiones vinculadas a las violencias por motivos de g\u00e9nero en la consulta odontol\u00f3gica.<\/p>\n\n\n\n<p>El encuentro estuvo destinado a profesionales de odontolog\u00eda y tuvo&nbsp; como finalidad brindar herramientas para detectar, dentro del marco de la atenci\u00f3n odontol\u00f3gica del sector p\u00fablico, privado y de obras sociales, situaciones de violencia por motivos de g\u00e9nero.<\/p>\n\n\n\n<p>La jornada fue encabezada por el secretario de Estrategias Sanitarias del Ministerio de Salud, Mart\u00edn Ciliberto; la coordinadora provincial de Odontolog\u00eda, Mercedes Rodr\u00edguez, la directora la Direcci\u00f3n de G\u00e9neros y Diversidad del Ministerio de Salud de la Naci\u00f3n, Candela Cabrera, y la directora nacional de Salud Bucal, Miguela Villareal.&nbsp;<\/p>\n\n\n\n<p>Durante el encuentro, extendido v\u00eda zoom a profesionales de distintos hospitales provinciales, se present\u00f3 material y se trabaj\u00f3 con los lineamientos del Manual Cl\u00ednico \u201cAtenci\u00f3n Integral de la salud ante situaciones de Violencias por Motivos de G\u00e9nero\u201d, presentado ayer ante un gran marco de profesionales de la salud y de organismos provinciales.<\/p>\n\n\n\n<p>Al respecto, la directora de G\u00e9neros y Diversidad del Ministerio de Salud de la Naci\u00f3n, Candela Cabrera, remarc\u00f3 que estos encuentros jerarquizan las pol\u00edticas de salud y el trabajo que se realiza en la provincia, y agreg\u00f3 que&nbsp; \u201ces todo un desaf\u00edo, tanto de la Direcci\u00f3n de Salud Bucal como de la Direcci\u00f3n de G\u00e9neros y Diversidad, que estos lineamientos, que hacen a la consulta odontol\u00f3gica, puedan ser apropiados por los y las profesionales para poder generar y valorar un rol clave de quienes ejercen la odontolog\u00eda en la detecci\u00f3n e identificaci\u00f3n de violencias por motivos de g\u00e9nero\u201d.<\/p>\n\n\n\n<p>Finalmente, asegur\u00f3 que las consultas odontol\u00f3gicas, junto a las pedi\u00e1tricas, deben ser las que m\u00e1s tiempo lleva en el sistema de salud y, en este contexto, expres\u00f3 que \u201ces posible que las y los profesionales detecten las violencias, eval\u00faen los riesgos y visualicen una derivaci\u00f3n acompa\u00f1ada con el equipo de salud u otros sectores\u201d.<\/p>\n\n\n\n<figure class=\"wp-block-image size-large\"><img fetchpriority=\"high\" decoding=\"async\" width=\"1024\" height=\"682\" src=\"https:\/\/www.elpolitologoyelpolitico.com.ar\/wp-content\/uploads\/2023\/07\/IMG-20230709-WA0021-1024x682.jpg\" alt=\"\" class=\"wp-image-32340\" srcset=\"https:\/\/www.elpolitologoyelpolitico.com.ar\/wp-content\/uploads\/2023\/07\/IMG-20230709-WA0021-1024x682.jpg 1024w, https:\/\/www.elpolitologoyelpolitico.com.ar\/wp-content\/uploads\/2023\/07\/IMG-20230709-WA0021-300x200.jpg 300w, https:\/\/www.elpolitologoyelpolitico.com.ar\/wp-content\/uploads\/2023\/07\/IMG-20230709-WA0021-768x512.jpg 768w, https:\/\/www.elpolitologoyelpolitico.com.ar\/wp-content\/uploads\/2023\/07\/IMG-20230709-WA0021.jpg 1280w\" sizes=\"(max-width: 1024px) 100vw, 1024px\" \/><\/figure>\n<div class=\"fb-background-color\">\n\t\t\t  <div \n\t\t\t  \tclass = \"fb-comments\" \n\t\t\t  \tdata-href = \"https:\/\/www.elpolitologoyelpolitico.com.ar\/wordpress\/2023\/07\/10\/salud-trabaja-para-detectar-violencia-de-genero-en-consultas-odontologicas\/\"\n\t\t\t  \tdata-numposts = \"10\"\n\t\t\t  \tdata-lazy = \"true\"\n\t\t\t\tdata-colorscheme = \"light\"\n\t\t\t\tdata-order-by = \"social\"\n\t\t\t\tdata-mobile=true>\n\t\t\t  <\/div><\/div>\n\t\t  <style>\n\t\t    .fb-background-color {\n\t\t\t\tbackground: #ffffff !important;\n\t\t\t}\n\t\t\t.fb_iframe_widget_fluid_desktop iframe {\n\t\t\t    width: 100% !important;\n\t\t\t}\n\t\t  <\/style>\n\t\t  ","protected":false},"excerpt":{"rendered":"<p>Organizado por el Ministerio de Salud, se desarroll\u00f3 en Viedma un encuentro de di\u00e1logo e intercambio para la detecci\u00f3n y atenci\u00f3n de lesiones vinculadas a las violencias por motivos de g\u00e9nero en la consulta odontol\u00f3gica. El encuentro estuvo destinado a profesionales de odontolog\u00eda y tuvo&nbsp; como finalidad brindar herramientas para detectar, dentro del marco de [&hellip;]<\/p>\n","protected":false},"author":4,"featured_media":32339,"comment_status":"closed","ping_status":"closed","sticky":false,"template":"","format":"standard","meta":{"_joinchat":[],"footnotes":""},"categories":[4],"tags":[],"class_list":["post-32338","post","type-post","status-publish","format-standard","has-post-thumbnail","hentry","category-politicas-publicas"],"_links":{"self":[{"href":"https:\/\/www.elpolitologoyelpolitico.com.ar\/wordpress\/wp-json\/wp\/v2\/posts\/32338","targetHints":{"allow":["GET"]}}],"collection":[{"href":"https:\/\/www.elpolitologoyelpolitico.com.ar\/wordpress\/wp-json\/wp\/v2\/posts"}],"about":[{"href":"https:\/\/www.elpolitologoyelpolitico.com.ar\/wordpress\/wp-json\/wp\/v2\/types\/post"}],"author":[{"embeddable":true,"href":"https:\/\/www.elpolitologoyelpolitico.com.ar\/wordpress\/wp-json\/wp\/v2\/users\/4"}],"replies":[{"embeddable":true,"href":"https:\/\/www.elpolitologoyelpolitico.com.ar\/wordpress\/wp-json\/wp\/v2\/comments?post=32338"}],"version-history":[{"count":0,"href":"https:\/\/www.elpolitologoyelpolitico.com.ar\/wordpress\/wp-json\/wp\/v2\/posts\/32338\/revisions"}],"wp:featuredmedia":[{"embeddable":true,"href":"https:\/\/www.elpolitologoyelpolitico.com.ar\/wordpress\/wp-json\/wp\/v2\/media\/32339"}],"wp:attachment":[{"href":"https:\/\/www.elpolitologoyelpolitico.com.ar\/wordpress\/wp-json\/wp\/v2\/media?parent=32338"}],"wp:term":[{"taxonomy":"category","embeddable":true,"href":"https:\/\/www.elpolitologoyelpolitico.com.ar\/wordpress\/wp-json\/wp\/v2\/categories?post=32338"},{"taxonomy":"post_tag","embeddable":true,"href":"https:\/\/www.elpolitologoyelpolitico.com.ar\/wordpress\/wp-json\/wp\/v2\/tags?post=32338"}],"curies":[{"name":"wp","href":"https:\/\/api.w.org\/{rel}","templated":true}]}}