{"id":32335,"date":"2023-07-09T23:35:04","date_gmt":"2023-07-09T23:35:04","guid":{"rendered":"https:\/\/www.elpolitologoyelpolitico.com.ar\/wordpress\/?p=32335"},"modified":"2023-07-09T23:35:05","modified_gmt":"2023-07-09T23:35:05","slug":"jornada-de-castracion-de-mascotas-en-stroeder","status":"publish","type":"post","link":"https:\/\/www.elpolitologoyelpolitico.com.ar\/wordpress\/2023\/07\/09\/jornada-de-castracion-de-mascotas-en-stroeder\/","title":{"rendered":"Jornada de castraci\u00f3n de mascotas en Stroeder"},"content":{"rendered":"\n<p>Se realiz\u00f3 este s\u00e1bado una nueva jornada de castraci\u00f3n de mascotas, organizada por la Secretar\u00eda de Salud, a trav\u00e9s del \u00e1rea de Coordinaci\u00f3n de Programas Sanitarios, con personal de Zoonosis, en conjunto con la delegaci\u00f3n municipal que dirige Emiliano Lopez.<\/p>\n\n\n\n<p>En esta ocasi\u00f3n, el operativo se traslad\u00f3 a la localidad de Stroeder, donde se realizaron 14 intervenciones gratuitas.<\/p>\n\n\n\n<p>Adem\u00e1s, se hizo entrega de 16 antiparasitarios y se aplicaron 16 vacunas antirr\u00e1bicas.<\/p>\n\n\n\n<p><\/p>\n<div class=\"fb-background-color\">\n\t\t\t  <div \n\t\t\t  \tclass = \"fb-comments\" \n\t\t\t  \tdata-href = \"https:\/\/www.elpolitologoyelpolitico.com.ar\/wordpress\/2023\/07\/09\/jornada-de-castracion-de-mascotas-en-stroeder\/\"\n\t\t\t  \tdata-numposts = \"10\"\n\t\t\t  \tdata-lazy = \"true\"\n\t\t\t\tdata-colorscheme = \"light\"\n\t\t\t\tdata-order-by = \"social\"\n\t\t\t\tdata-mobile=true>\n\t\t\t  <\/div><\/div>\n\t\t  <style>\n\t\t    .fb-background-color {\n\t\t\t\tbackground: #ffffff !important;\n\t\t\t}\n\t\t\t.fb_iframe_widget_fluid_desktop iframe {\n\t\t\t    width: 100% !important;\n\t\t\t}\n\t\t  <\/style>\n\t\t  ","protected":false},"excerpt":{"rendered":"<p>Se realiz\u00f3 este s\u00e1bado una nueva jornada de castraci\u00f3n de mascotas, organizada por la Secretar\u00eda de Salud, a trav\u00e9s del \u00e1rea de Coordinaci\u00f3n de Programas Sanitarios, con personal de Zoonosis, en conjunto con la delegaci\u00f3n municipal que dirige Emiliano Lopez. En esta ocasi\u00f3n, el operativo se traslad\u00f3 a la localidad de Stroeder, donde se realizaron [&hellip;]<\/p>\n","protected":false},"author":4,"featured_media":32336,"comment_status":"closed","ping_status":"closed","sticky":false,"template":"","format":"standard","meta":{"_joinchat":[],"footnotes":""},"categories":[4],"tags":[],"class_list":["post-32335","post","type-post","status-publish","format-standard","has-post-thumbnail","hentry","category-politicas-publicas"],"_links":{"self":[{"href":"https:\/\/www.elpolitologoyelpolitico.com.ar\/wordpress\/wp-json\/wp\/v2\/posts\/32335","targetHints":{"allow":["GET"]}}],"collection":[{"href":"https:\/\/www.elpolitologoyelpolitico.com.ar\/wordpress\/wp-json\/wp\/v2\/posts"}],"about":[{"href":"https:\/\/www.elpolitologoyelpolitico.com.ar\/wordpress\/wp-json\/wp\/v2\/types\/post"}],"author":[{"embeddable":true,"href":"https:\/\/www.elpolitologoyelpolitico.com.ar\/wordpress\/wp-json\/wp\/v2\/users\/4"}],"replies":[{"embeddable":true,"href":"https:\/\/www.elpolitologoyelpolitico.com.ar\/wordpress\/wp-json\/wp\/v2\/comments?post=32335"}],"version-history":[{"count":0,"href":"https:\/\/www.elpolitologoyelpolitico.com.ar\/wordpress\/wp-json\/wp\/v2\/posts\/32335\/revisions"}],"wp:featuredmedia":[{"embeddable":true,"href":"https:\/\/www.elpolitologoyelpolitico.com.ar\/wordpress\/wp-json\/wp\/v2\/media\/32336"}],"wp:attachment":[{"href":"https:\/\/www.elpolitologoyelpolitico.com.ar\/wordpress\/wp-json\/wp\/v2\/media?parent=32335"}],"wp:term":[{"taxonomy":"category","embeddable":true,"href":"https:\/\/www.elpolitologoyelpolitico.com.ar\/wordpress\/wp-json\/wp\/v2\/categories?post=32335"},{"taxonomy":"post_tag","embeddable":true,"href":"https:\/\/www.elpolitologoyelpolitico.com.ar\/wordpress\/wp-json\/wp\/v2\/tags?post=32335"}],"curies":[{"name":"wp","href":"https:\/\/api.w.org\/{rel}","templated":true}]}}