{"id":32330,"date":"2023-07-09T01:24:55","date_gmt":"2023-07-09T01:24:55","guid":{"rendered":"https:\/\/www.elpolitologoyelpolitico.com.ar\/wordpress\/?p=32330"},"modified":"2023-07-09T01:25:35","modified_gmt":"2023-07-09T01:25:35","slug":"el-precandidato-a-intendente-maximiliano-evangelisti-se-reunio-con-vecinos-de-juan-a-pradere","status":"publish","type":"post","link":"https:\/\/www.elpolitologoyelpolitico.com.ar\/wordpress\/2023\/07\/09\/el-precandidato-a-intendente-maximiliano-evangelisti-se-reunio-con-vecinos-de-juan-a-pradere\/","title":{"rendered":"El precandidato a Intendente, Maximiliano Evangelisti, se reuni\u00f3 con vecinos de Juan A. Pradere"},"content":{"rendered":"\n<p>El precandidato a Intendente por Patagones es Ahora, Maximiliano Evangelisti, mantuvo una serie de reuniones en Juan A. Pradere, en las que dialog\u00f3 con vecinas y vecinos de la localidad, para continuar conociendo sus necesidades y su realidad actual. Estuvo acompa\u00f1ado por Mar\u00eda del Carmen Torres y Marcelo Arce, precandidatos a concejales del espacio.<\/p>\n\n\n\n<p>En este sentido, visitaron comerciantes y emprendedores locales, y conversaron con familias que se dedican a la producci\u00f3n.<\/p>\n\n\n\n<p>Tambi\u00e9n se reunieron con un grupo de j\u00f3venes de la localidad, quienes plantearon cu\u00e1les son los temas que les preocupan.<\/p>\n\n\n\n<p>\u201cFueron encuentros muy gratos, como todos los que estoy teniendo en el partido, que me permiten seguir conociendo lo que piensan y necesitan los vecinos. En Pradere debemos fortalecer la presencia municipal, potenciar aquellos emprendimientos comerciales y productivos que se est\u00e1n llevando a cabo, porque la localidad tiene un enorme potencial y necesita mayor acompa\u00f1amiento\u201d, dijo el candidato.<\/p>\n\n\n\n<p>Evangelisti, junto a su equipo, se presentar\u00e1 en estas elecciones por la agrupaci\u00f3n Patagones es Ahora, dentro de Juntos por el Cambio.<\/p>\n\n\n\n<figure class=\"wp-block-image size-full\"><img fetchpriority=\"high\" decoding=\"async\" width=\"714\" height=\"709\" src=\"https:\/\/www.elpolitologoyelpolitico.com.ar\/wp-content\/uploads\/2023\/07\/IMG-20230708-WA0032.jpg\" alt=\"\" class=\"wp-image-32332\" srcset=\"https:\/\/www.elpolitologoyelpolitico.com.ar\/wp-content\/uploads\/2023\/07\/IMG-20230708-WA0032.jpg 714w, https:\/\/www.elpolitologoyelpolitico.com.ar\/wp-content\/uploads\/2023\/07\/IMG-20230708-WA0032-300x298.jpg 300w, https:\/\/www.elpolitologoyelpolitico.com.ar\/wp-content\/uploads\/2023\/07\/IMG-20230708-WA0032-150x150.jpg 150w\" sizes=\"(max-width: 714px) 100vw, 714px\" \/><\/figure>\n<div class=\"fb-background-color\">\n\t\t\t  <div \n\t\t\t  \tclass = \"fb-comments\" \n\t\t\t  \tdata-href = \"https:\/\/www.elpolitologoyelpolitico.com.ar\/wordpress\/2023\/07\/09\/el-precandidato-a-intendente-maximiliano-evangelisti-se-reunio-con-vecinos-de-juan-a-pradere\/\"\n\t\t\t  \tdata-numposts = \"10\"\n\t\t\t  \tdata-lazy = \"true\"\n\t\t\t\tdata-colorscheme = \"light\"\n\t\t\t\tdata-order-by = \"social\"\n\t\t\t\tdata-mobile=true>\n\t\t\t  <\/div><\/div>\n\t\t  <style>\n\t\t    .fb-background-color {\n\t\t\t\tbackground: #ffffff !important;\n\t\t\t}\n\t\t\t.fb_iframe_widget_fluid_desktop iframe {\n\t\t\t    width: 100% !important;\n\t\t\t}\n\t\t  <\/style>\n\t\t  ","protected":false},"excerpt":{"rendered":"<p>El precandidato a Intendente por Patagones es Ahora, Maximiliano Evangelisti, mantuvo una serie de reuniones en Juan A. Pradere, en las que dialog\u00f3 con vecinas y vecinos de la localidad, para continuar conociendo sus necesidades y su realidad actual. Estuvo acompa\u00f1ado por Mar\u00eda del Carmen Torres y Marcelo Arce, precandidatos a concejales del espacio. En [&hellip;]<\/p>\n","protected":false},"author":4,"featured_media":32331,"comment_status":"closed","ping_status":"closed","sticky":false,"template":"","format":"standard","meta":{"_joinchat":[],"footnotes":""},"categories":[38],"tags":[],"class_list":["post-32330","post","type-post","status-publish","format-standard","has-post-thumbnail","hentry","category-elecciones"],"_links":{"self":[{"href":"https:\/\/www.elpolitologoyelpolitico.com.ar\/wordpress\/wp-json\/wp\/v2\/posts\/32330","targetHints":{"allow":["GET"]}}],"collection":[{"href":"https:\/\/www.elpolitologoyelpolitico.com.ar\/wordpress\/wp-json\/wp\/v2\/posts"}],"about":[{"href":"https:\/\/www.elpolitologoyelpolitico.com.ar\/wordpress\/wp-json\/wp\/v2\/types\/post"}],"author":[{"embeddable":true,"href":"https:\/\/www.elpolitologoyelpolitico.com.ar\/wordpress\/wp-json\/wp\/v2\/users\/4"}],"replies":[{"embeddable":true,"href":"https:\/\/www.elpolitologoyelpolitico.com.ar\/wordpress\/wp-json\/wp\/v2\/comments?post=32330"}],"version-history":[{"count":0,"href":"https:\/\/www.elpolitologoyelpolitico.com.ar\/wordpress\/wp-json\/wp\/v2\/posts\/32330\/revisions"}],"wp:featuredmedia":[{"embeddable":true,"href":"https:\/\/www.elpolitologoyelpolitico.com.ar\/wordpress\/wp-json\/wp\/v2\/media\/32331"}],"wp:attachment":[{"href":"https:\/\/www.elpolitologoyelpolitico.com.ar\/wordpress\/wp-json\/wp\/v2\/media?parent=32330"}],"wp:term":[{"taxonomy":"category","embeddable":true,"href":"https:\/\/www.elpolitologoyelpolitico.com.ar\/wordpress\/wp-json\/wp\/v2\/categories?post=32330"},{"taxonomy":"post_tag","embeddable":true,"href":"https:\/\/www.elpolitologoyelpolitico.com.ar\/wordpress\/wp-json\/wp\/v2\/tags?post=32330"}],"curies":[{"name":"wp","href":"https:\/\/api.w.org\/{rel}","templated":true}]}}