{"id":32326,"date":"2023-07-08T22:59:50","date_gmt":"2023-07-08T22:59:50","guid":{"rendered":"https:\/\/www.elpolitologoyelpolitico.com.ar\/wordpress\/?p=32326"},"modified":"2023-07-08T22:59:51","modified_gmt":"2023-07-08T22:59:51","slug":"dieron-inicio-a-la-obra-de-refaccion-de-jardin-5-de-viedma","status":"publish","type":"post","link":"https:\/\/www.elpolitologoyelpolitico.com.ar\/wordpress\/2023\/07\/08\/dieron-inicio-a-la-obra-de-refaccion-de-jardin-5-de-viedma\/","title":{"rendered":"Dieron inicio a la obra de refacci\u00f3n de Jard\u00edn 5 de Viedma"},"content":{"rendered":"\n<p>El Ministerio de Educaci\u00f3n y Derechos Humanos dio inicio a la obra de refacci\u00f3n para el Jard\u00edn de Infantes N\u00b0 5 de Viedma.<\/p>\n\n\n\n<p>Acompa\u00f1aron la puesta en marcha de los trabajos el equipo directivo de la instituci\u00f3n; el secretario de Infraestructura Escolar, Adri\u00e1n Carrizo; la coordinadora del Consejo Escolar, Bibiana Wilberguer; el coordinador de Obras Menores, Gustavo Nogues; y personal t\u00e9cnico de infraestructura.<\/p>\n\n\n\n<p>Los trabajos contemplan la refacci\u00f3n para un sanitario adaptado y cocina, y la refacci\u00f3n y refuncionalizaci\u00f3n de sala de m\u00fasica.<\/p>\n\n\n\n<p>La empresa encargada de la obra ser\u00e1 CENS SRL y cuenta con un monto de $7.439.904,50.<\/p>\n\n\n\n<p>La obra proyectada apunta a mejorar las condiciones de habitabilidad, como as\u00ed tambi\u00e9n la adaptaci\u00f3n de un ba\u00f1o para que funcione como ba\u00f1o para personas con discapacidad.<\/p>\n<div class=\"fb-background-color\">\n\t\t\t  <div \n\t\t\t  \tclass = \"fb-comments\" \n\t\t\t  \tdata-href = \"https:\/\/www.elpolitologoyelpolitico.com.ar\/wordpress\/2023\/07\/08\/dieron-inicio-a-la-obra-de-refaccion-de-jardin-5-de-viedma\/\"\n\t\t\t  \tdata-numposts = \"10\"\n\t\t\t  \tdata-lazy = \"true\"\n\t\t\t\tdata-colorscheme = \"light\"\n\t\t\t\tdata-order-by = \"social\"\n\t\t\t\tdata-mobile=true>\n\t\t\t  <\/div><\/div>\n\t\t  <style>\n\t\t    .fb-background-color {\n\t\t\t\tbackground: #ffffff !important;\n\t\t\t}\n\t\t\t.fb_iframe_widget_fluid_desktop iframe {\n\t\t\t    width: 100% !important;\n\t\t\t}\n\t\t  <\/style>\n\t\t  ","protected":false},"excerpt":{"rendered":"<p>El Ministerio de Educaci\u00f3n y Derechos Humanos dio inicio a la obra de refacci\u00f3n para el Jard\u00edn de Infantes N\u00b0 5 de Viedma. Acompa\u00f1aron la puesta en marcha de los trabajos el equipo directivo de la instituci\u00f3n; el secretario de Infraestructura Escolar, Adri\u00e1n Carrizo; la coordinadora del Consejo Escolar, Bibiana Wilberguer; el coordinador de Obras [&hellip;]<\/p>\n","protected":false},"author":4,"featured_media":32327,"comment_status":"closed","ping_status":"closed","sticky":false,"template":"","format":"standard","meta":{"_joinchat":[],"footnotes":""},"categories":[4],"tags":[],"class_list":["post-32326","post","type-post","status-publish","format-standard","has-post-thumbnail","hentry","category-politicas-publicas"],"_links":{"self":[{"href":"https:\/\/www.elpolitologoyelpolitico.com.ar\/wordpress\/wp-json\/wp\/v2\/posts\/32326","targetHints":{"allow":["GET"]}}],"collection":[{"href":"https:\/\/www.elpolitologoyelpolitico.com.ar\/wordpress\/wp-json\/wp\/v2\/posts"}],"about":[{"href":"https:\/\/www.elpolitologoyelpolitico.com.ar\/wordpress\/wp-json\/wp\/v2\/types\/post"}],"author":[{"embeddable":true,"href":"https:\/\/www.elpolitologoyelpolitico.com.ar\/wordpress\/wp-json\/wp\/v2\/users\/4"}],"replies":[{"embeddable":true,"href":"https:\/\/www.elpolitologoyelpolitico.com.ar\/wordpress\/wp-json\/wp\/v2\/comments?post=32326"}],"version-history":[{"count":0,"href":"https:\/\/www.elpolitologoyelpolitico.com.ar\/wordpress\/wp-json\/wp\/v2\/posts\/32326\/revisions"}],"wp:featuredmedia":[{"embeddable":true,"href":"https:\/\/www.elpolitologoyelpolitico.com.ar\/wordpress\/wp-json\/wp\/v2\/media\/32327"}],"wp:attachment":[{"href":"https:\/\/www.elpolitologoyelpolitico.com.ar\/wordpress\/wp-json\/wp\/v2\/media?parent=32326"}],"wp:term":[{"taxonomy":"category","embeddable":true,"href":"https:\/\/www.elpolitologoyelpolitico.com.ar\/wordpress\/wp-json\/wp\/v2\/categories?post=32326"},{"taxonomy":"post_tag","embeddable":true,"href":"https:\/\/www.elpolitologoyelpolitico.com.ar\/wordpress\/wp-json\/wp\/v2\/tags?post=32326"}],"curies":[{"name":"wp","href":"https:\/\/api.w.org\/{rel}","templated":true}]}}