{"id":32319,"date":"2023-07-08T22:24:44","date_gmt":"2023-07-08T22:24:44","guid":{"rendered":"https:\/\/www.elpolitologoyelpolitico.com.ar\/wordpress\/?p=32319"},"modified":"2023-07-08T22:31:32","modified_gmt":"2023-07-08T22:31:32","slug":"el-intendente-zara-inauguro-el-sum-de-la-escuela-primaria-n4-de-juan-a-pradere","status":"publish","type":"post","link":"https:\/\/www.elpolitologoyelpolitico.com.ar\/wordpress\/2023\/07\/08\/el-intendente-zara-inauguro-el-sum-de-la-escuela-primaria-n4-de-juan-a-pradere\/","title":{"rendered":"El Intendente Zara inaugur\u00f3 el SUM de la Escuela Primaria N\u00b04 de Juan A. Pradere"},"content":{"rendered":"\n<p>Este viernes por la tarde, el Intendente Municipal, Ing. Jos\u00e9 Luis Zara, presidi\u00f3 el acto de inauguraci\u00f3n de Sal\u00f3n de Usos M\u00faltiples de la Escuela Primaria N\u00b04 \u201cJuan Bautista Alberdi\u201d de la localidad de Juan A. Pradere.<\/p>\n\n\n\n<p>Lo acompa\u00f1aron, la delegada municipal, Rosana Teruel, el Inspector Regional de Gesti\u00f3n Estatal, Lic. Claudio Martini, la Jefa Distrital de Educaci\u00f3n, Claudia Azpiroz, la Inspectora de Nivel Primario, Luc\u00eda Mora, el presidente del Consejo Escolar, Paulo Bykaluk, y la Directora de la instituci\u00f3n, Paula Saud.<\/p>\n\n\n\n<p>Adem\u00e1s, participaron funcionarios, concejales, el equipo docente, auxiliares, integrantes de la Asociaci\u00f3n Cooperadora, familias, alumnos y vecinos.<\/p>\n\n\n\n<p>La emotiva ceremonia cont\u00f3 con el acompa\u00f1amiento de las banderas de ceremonia de los JIRIMM y escuelas de la zona.<\/p>\n\n\n\n<p>En primer t\u00e9rmino, y en un clima de alegr\u00eda y expectativa, alumnos y docentes acompa\u00f1aron el descubrimiento de una placa y luego el corte de cintas, dejando formalmente habilitado el nuevo espacio.<\/p>\n\n\n\n<p>Luego, ingresaron al predio, especialmente ornamentado para la ocasi\u00f3n, las banderas de ceremonia de las instituciones educativas de la localidad.<\/p>\n\n\n\n<p>A continuaci\u00f3n, se entonaron las estrofas del himno nacional, para luego dar lugar a las palabras de la Directora, Paula Saud: \u201cagradezco una vez m\u00e1s a todos los involucrados en la realizaci\u00f3n de este proyecto y los insto a que juntos demos vida a este espacio de usos m\u00faltiples, convirtiendol\u00f3 en un s\u00edmbolo duradero de nuestra dedicaci\u00f3n a la excelencia educativa y al desarrollo integral de cada uno de nosotros. Felicidades a todos y que este espacio sea testigo de grandes logros y aprendizajes en el futuro\u201d.<\/p>\n\n\n\n<p>\u201cLa inauguraci\u00f3n de este espacio es m\u00e1s que un simple evento, es un hito en nuestra historia educativa, un s\u00edmbolo de progreso y crecimiento. Nos brinda la oportunidad de explorar nuevas posibilidades, desarrollar nuestras habilidades y fortalecer los lazos entre nosotros. ES un recordatorio de que, a pesar de los desaf\u00edos y las esperas, nuestros sue\u00f1os pueden hacerse realidad si trabajamos juntos y perseveramos. Hoy celebramos el poder de la visi\u00f3n, la dedicaci\u00f3n y la determinaci\u00f3n\u201d, expres\u00f3 la docente.<\/p>\n\n\n\n<p>A continuaci\u00f3n, hizo lo propio la Jefa Distrital de Educaci\u00f3n, Claudia Azpiroz, quien agradeci\u00f3 la presencia de las autoridades, alumnos, docentes, auxiliares, cooperadores y la comunidad.<\/p>\n\n\n\n<p>\u201cEstamos emocionados y felices por la inauguraci\u00f3n de este sal\u00f3n de usos m\u00faltiples que permitir\u00e1 realizar mayores actividades para garantizar un mejor aprendizaje de los alumnos y alumnas. Quiero agradecer enormemente el trabajo que siempre realiza la se\u00f1ora delegada, Rosana Teruel. Agradezco al Centro de Jubilados que siempre nos ha prestado el sal\u00f3n para hacer los distintos eventos de la Escuela, a todas las instituciones educativas rurales y urbanas de Juan A. Pradere que hoy nos est\u00e1n acompa\u00f1ando. Por \u00faltimo mis felicitaciones, y de las autoridades, al se\u00f1or Intendente y al Consejo Escolar por las gestiones realizadas para que esto se haga realidad\u201d, afirm\u00f3 Azpiroz.<\/p>\n\n\n\n<p>Finalmente, hizo uso de la palabra el Intendente Municipal, Ing. Jos\u00e9 Luis Zara, quien sostuvo que \u201choy es un d\u00eda de orgullo y alegr\u00eda para todo mi equipo de trabajo porque una vez m\u00e1s inauguramos otra obra educativa\u201d.<\/p>\n\n\n\n<p>Adem\u00e1s, agreg\u00f3: \u201crecord\u00e1bamos cuando recib\u00edamos en el 2019 a los directivos y parte de la cooperadora, junto a Rosana, y nos plantearon la necesidad de construir este SUM y les dije en esa oportunidad que primero \u00edbamos a licitar la construcci\u00f3n de la Escuela N\u00b04 y que despu\u00e9s de terminar ese edificio comenzar\u00edamos con el SUM y as\u00ed fue. En el 2021 inaugur\u00e1bamos la escuela secundaria y en el 2022 abrimos los pliegos de esta obra. Hoy, un a\u00f1o despu\u00e9s queda inaugurada\u201d.<\/p>\n\n\n\n<p>\u201cQuiero agradecer a la empresa C\u00e1mpora porque ha cumplido en tiempo y forma con la ejecuci\u00f3n de la obra de construcci\u00f3n de este hermoso edificio, que tiene m\u00e1s de 300 metros cuadrados cubiertos y semi cubiertos y va a permitir la realizaci\u00f3n de distintas actividades recreativas\u201d, a\u00f1adi\u00f3 el jefe comunal.<\/p>\n\n\n\n<p>Sobre el final de su alocuci\u00f3n, Zara afirm\u00f3: \u201cnos da gusto decir que hemos cumplido con la palabra empe\u00f1ada y no es el \u00fanico edificio que hemos constru\u00eddo en mi gesti\u00f3n, llevamos varios edificios educativos inaugurados, en construcci\u00f3n y licitados; por ejemplo, hace unos d\u00edas licitamos la escuela para Bah\u00eda San Blas y las nuevas instalaciones para el Sal\u00f3n de Usos M\u00faltiples del CEF 166, de Villalonga, donde asisten chicos de Pradere, Villalonga y San Blas a hacer educaci\u00f3n f\u00edsica. Muchos se sorprenden cuando digo que esto lo hacemos con el Fondo Educativo, para los que no saben, se cre\u00f3 en el 2006 y son fondos que administra el Estado Municipal, que contrata a trav\u00e9s de licitaciones a las empresas y tomamos la decisi\u00f3n junto al Consejo Escolar, la Jefatura Distrital y los mismos docentes, de qu\u00e9 obras vamos a realizar a partir de las demandas que hemos tenido en estos 7 a\u00f1os, no solo de edificios, sino tambi\u00e9n refacciones, principalmente de edificios de la zona rural que estaban totalmente abandonados por la gesti\u00f3n anterior y los pusimos en marcha\u201d.<\/p>\n\n\n\n<p>\u201cSe sorprenden con el Fondo Educativo porque antes no se hac\u00eda y nosotros tomamos la decisi\u00f3n desde el primer d\u00eda de que esos recursos lleguen a las escuelas. Mi gesti\u00f3n le ha dado prioridad a la educaci\u00f3n porque sabemos que es el pilar fundamental en la construcci\u00f3n de nuestra Argentina, sin educaci\u00f3n no hay futuro. La actual generaci\u00f3n y las pr\u00f3ximas generaciones tienen que contar con la infraestructura que se merecen\u201d, concluy\u00f3 el mandatario.<\/p>\n\n\n\n<p>La obra inaugurada signific\u00f3 una inversi\u00f3n de m\u00e1s de 40 millones de pesos.<\/p>\n\n\n\n<figure class=\"wp-block-gallery has-nested-images columns-default is-cropped wp-block-gallery-1 is-layout-flex wp-block-gallery-is-layout-flex\">\n<figure class=\"wp-block-image size-large\"><img fetchpriority=\"high\" decoding=\"async\" width=\"576\" height=\"1024\" data-id=\"32322\" src=\"https:\/\/www.elpolitologoyelpolitico.com.ar\/wp-content\/uploads\/2023\/07\/IMG-20230708-WA0029-576x1024.jpg\" alt=\"\" class=\"wp-image-32322\" srcset=\"https:\/\/www.elpolitologoyelpolitico.com.ar\/wp-content\/uploads\/2023\/07\/IMG-20230708-WA0029-576x1024.jpg 576w, https:\/\/www.elpolitologoyelpolitico.com.ar\/wp-content\/uploads\/2023\/07\/IMG-20230708-WA0029-169x300.jpg 169w, https:\/\/www.elpolitologoyelpolitico.com.ar\/wp-content\/uploads\/2023\/07\/IMG-20230708-WA0029.jpg 720w\" sizes=\"(max-width: 576px) 100vw, 576px\" \/><\/figure>\n\n\n\n<figure class=\"wp-block-image size-large\"><img decoding=\"async\" width=\"720\" height=\"336\" data-id=\"32323\" src=\"https:\/\/www.elpolitologoyelpolitico.com.ar\/wp-content\/uploads\/2023\/07\/IMG-20230708-WA0027.jpg\" alt=\"\" class=\"wp-image-32323\" srcset=\"https:\/\/www.elpolitologoyelpolitico.com.ar\/wp-content\/uploads\/2023\/07\/IMG-20230708-WA0027.jpg 720w, https:\/\/www.elpolitologoyelpolitico.com.ar\/wp-content\/uploads\/2023\/07\/IMG-20230708-WA0027-300x140.jpg 300w\" sizes=\"(max-width: 720px) 100vw, 720px\" \/><\/figure>\n<\/figure>\n<div class=\"fb-background-color\">\n\t\t\t  <div \n\t\t\t  \tclass = \"fb-comments\" \n\t\t\t  \tdata-href = \"https:\/\/www.elpolitologoyelpolitico.com.ar\/wordpress\/2023\/07\/08\/el-intendente-zara-inauguro-el-sum-de-la-escuela-primaria-n4-de-juan-a-pradere\/\"\n\t\t\t  \tdata-numposts = \"10\"\n\t\t\t  \tdata-lazy = \"true\"\n\t\t\t\tdata-colorscheme = \"light\"\n\t\t\t\tdata-order-by = \"social\"\n\t\t\t\tdata-mobile=true>\n\t\t\t  <\/div><\/div>\n\t\t  <style>\n\t\t    .fb-background-color {\n\t\t\t\tbackground: #ffffff !important;\n\t\t\t}\n\t\t\t.fb_iframe_widget_fluid_desktop iframe {\n\t\t\t    width: 100% !important;\n\t\t\t}\n\t\t  <\/style>\n\t\t  ","protected":false},"excerpt":{"rendered":"<p>Este viernes por la tarde, el Intendente Municipal, Ing. Jos\u00e9 Luis Zara, presidi\u00f3 el acto de inauguraci\u00f3n de Sal\u00f3n de Usos M\u00faltiples de la Escuela Primaria N\u00b04 \u201cJuan Bautista Alberdi\u201d de la localidad de Juan A. Pradere. Lo acompa\u00f1aron, la delegada municipal, Rosana Teruel, el Inspector Regional de Gesti\u00f3n Estatal, Lic. Claudio Martini, la Jefa [&hellip;]<\/p>\n","protected":false},"author":4,"featured_media":32320,"comment_status":"closed","ping_status":"closed","sticky":false,"template":"","format":"standard","meta":{"_joinchat":[],"footnotes":""},"categories":[4],"tags":[],"class_list":["post-32319","post","type-post","status-publish","format-standard","has-post-thumbnail","hentry","category-politicas-publicas"],"_links":{"self":[{"href":"https:\/\/www.elpolitologoyelpolitico.com.ar\/wordpress\/wp-json\/wp\/v2\/posts\/32319","targetHints":{"allow":["GET"]}}],"collection":[{"href":"https:\/\/www.elpolitologoyelpolitico.com.ar\/wordpress\/wp-json\/wp\/v2\/posts"}],"about":[{"href":"https:\/\/www.elpolitologoyelpolitico.com.ar\/wordpress\/wp-json\/wp\/v2\/types\/post"}],"author":[{"embeddable":true,"href":"https:\/\/www.elpolitologoyelpolitico.com.ar\/wordpress\/wp-json\/wp\/v2\/users\/4"}],"replies":[{"embeddable":true,"href":"https:\/\/www.elpolitologoyelpolitico.com.ar\/wordpress\/wp-json\/wp\/v2\/comments?post=32319"}],"version-history":[{"count":0,"href":"https:\/\/www.elpolitologoyelpolitico.com.ar\/wordpress\/wp-json\/wp\/v2\/posts\/32319\/revisions"}],"wp:featuredmedia":[{"embeddable":true,"href":"https:\/\/www.elpolitologoyelpolitico.com.ar\/wordpress\/wp-json\/wp\/v2\/media\/32320"}],"wp:attachment":[{"href":"https:\/\/www.elpolitologoyelpolitico.com.ar\/wordpress\/wp-json\/wp\/v2\/media?parent=32319"}],"wp:term":[{"taxonomy":"category","embeddable":true,"href":"https:\/\/www.elpolitologoyelpolitico.com.ar\/wordpress\/wp-json\/wp\/v2\/categories?post=32319"},{"taxonomy":"post_tag","embeddable":true,"href":"https:\/\/www.elpolitologoyelpolitico.com.ar\/wordpress\/wp-json\/wp\/v2\/tags?post=32319"}],"curies":[{"name":"wp","href":"https:\/\/api.w.org\/{rel}","templated":true}]}}