{"id":32315,"date":"2023-07-08T22:02:49","date_gmt":"2023-07-08T22:02:49","guid":{"rendered":"https:\/\/www.elpolitologoyelpolitico.com.ar\/wordpress\/?p=32315"},"modified":"2023-07-09T01:27:27","modified_gmt":"2023-07-09T01:27:27","slug":"jose-san-martin-es-la-primera-vez-en-el-partido-de-patagones-que-hay-una-candidata-que-esta-capacitada-en-politica-para-llegar-al-municipio","status":"publish","type":"post","link":"https:\/\/www.elpolitologoyelpolitico.com.ar\/wordpress\/2023\/07\/08\/jose-san-martin-es-la-primera-vez-en-el-partido-de-patagones-que-hay-una-candidata-que-esta-capacitada-en-politica-para-llegar-al-municipio\/","title":{"rendered":"Jos\u00e9 San Mart\u00edn\u201cEs la primera vez en el Partido de Patagones que hay una candidata que est\u00e1 capacitada en pol\u00edtica para llegar al Municipio\u201d"},"content":{"rendered":"\n<p>Jos\u00e9 San Martin es el primer Precandidato a Concejal en Uni\u00f3n por la Patria. Esta lista (N\u00b0 6) la encabeza la Precandidata a Intendenta Susana L\u00f3pez.<\/p>\n\n\n\n<p>San Martin expres\u00f3 <strong>\u201cPara cambiar la realidad hay que involucrarse y algo nuevo que nunca se vivi\u00f3 en la democracia en el Partido de Patagones, es la participaci\u00f3n de una mujer encabezando la lista para Intendenta\u201d&nbsp;<\/strong><\/p>\n\n\n\n<p>Agreg\u00f3 <strong>\u201cHay que cambiar la realidad de patagones a trav\u00e9s de la inclusi\u00f3n y diferentes herramientas que se pueden generar y nosotros desde el concejo vamos a lograr seguridad para que Susana L\u00f3pez pueda cambiar la realidad del Partido\u201d.<\/strong><\/p>\n\n\n\n<p>El precandidato a Concejal indic\u00f3<strong> \u201cEste compromiso que hoy asumimos debe llevar adelante la transformaci\u00f3n del Partido de Patagones. Un compromiso, que genere las herramientas jur\u00eddicas para la gente que emprenda y que Patagones empiece a generar sus propios recursos y que los emprendedores empiecen a generar puestos de trabajo genuino y dejemos de comprometer al Estado Municipal en mas gastos\u201d.<\/strong><\/p>\n\n\n\n<p>Con respecto a la imagen de la Precandidata a Intendenta sostuvo <strong>\u201cSusana L\u00f3pez es una mujer que esta capacitada en la Pol\u00edtica. Es la primera vez en el Partido de Patagones que hay una candidata que esta capacitada en Pol\u00edtica para llegar a la intendencia. No viene de la ingenier\u00eda u otra profesi\u00f3n, sino que est\u00e1 capacitada en desarrollar estrategias pol\u00edticas\u201d.&nbsp;<\/strong><\/p>\n\n\n\n<p><strong>Algunas de las propuestas del Precandidato a Concejal Jos\u00e9 San Mart\u00edn<\/strong><\/p>\n\n\n\n<p>\u25cf <strong>PROYECTO \u00abCreaci\u00f3n de un Fondo compensatorio para el Personal de Salud y Personal Municipal\u00bb<\/strong><\/p>\n\n\n\n<p>En la pandemia se present\u00f3 este proyecto en el Concejo Deliberante de Patagones, en donde el ejecutivo y el legislativo al igual que el \u00f3rgano de control del Distrito aportara un porcentaje de lo que cobrara para que el personal municipal y del hospital (por sus sueldos bajos) pueda tener un ingreso a trav\u00e9s de la distribuci\u00f3n equitativa de esos fondos.&nbsp;<\/p>\n\n\n\n<p><strong><em>\u201cEste proyecto lo presentamos como vecinos en el concejo deliberante y no avanzo nunca\u201d <\/em><\/strong>indic\u00f3 Jos\u00e9 San Martin. Si ganamos vamos a presentarlo y que sea aprobado.<\/p>\n\n\n\n<p>\u25cf <strong>Otro proyecto seria la carrera hospitalaria.<\/strong><\/p>\n\n\n\n<p>San Mart\u00edn coment\u00f3<strong>&nbsp; \u201cEs una Ley Provincial y la carrera hospitalaria tiene que estar en el Partido de Patagones, en donde el personal hospitalario pueda empezar a partir de cuenta cero ese escalonamiento de su carrera hospitalaria\u201d<\/strong><\/p>\n\n\n\n<p>Aclar\u00f3<strong> \u201cHay que capacitar al empleado municipal y hay que trabajar en su calidad de empleado para poder hacer una compensaci\u00f3n que va a ganar el empleado hospitalario\u201d<\/strong>.<\/p>\n\n\n\n<p>\u25cf <strong>Otro de los proyectos es sobre la autonom\u00eda econ\u00f3mica y la decisi\u00f3n de los vecinos del Distrito de Patagones para elegir a sus Delegados.&nbsp;<\/strong><\/p>\n\n\n\n<p>San Mart\u00edn manifest\u00f3 que el Delegado de San Blas, Pradere o Villalonga lo elige el Municipio <strong>\u201cNo puede depender del Municipio de Patagones sino que tiene que tener autonom\u00eda econ\u00f3mica a trav\u00e9s de las instituciones intermedias. Lo que tenemos que generar es que Pradere tenga su presupuesto, Villalonga tenga su presupuesto y quien administre ese dinero sea el delegado. Y \u00e9ste \u00faltimo sea elegido por el Pueblo\u201d.<\/strong><\/p>\n\n\n\n<p><strong>&nbsp;\u201cLa autonom\u00eda de las Localidades del interior del Partido de Patagones es muy importante y es lo que necesita el interior del Partido. No centralizar todo en Carmen de Patagones y que ellos tengan autonom\u00eda propia\u201d<\/strong> finaliz\u00f3 San Martin.&nbsp;<\/p>\n<div class=\"fb-background-color\">\n\t\t\t  <div \n\t\t\t  \tclass = \"fb-comments\" \n\t\t\t  \tdata-href = \"https:\/\/www.elpolitologoyelpolitico.com.ar\/wordpress\/2023\/07\/08\/jose-san-martin-es-la-primera-vez-en-el-partido-de-patagones-que-hay-una-candidata-que-esta-capacitada-en-politica-para-llegar-al-municipio\/\"\n\t\t\t  \tdata-numposts = \"10\"\n\t\t\t  \tdata-lazy = \"true\"\n\t\t\t\tdata-colorscheme = \"light\"\n\t\t\t\tdata-order-by = \"social\"\n\t\t\t\tdata-mobile=true>\n\t\t\t  <\/div><\/div>\n\t\t  <style>\n\t\t    .fb-background-color {\n\t\t\t\tbackground: #ffffff !important;\n\t\t\t}\n\t\t\t.fb_iframe_widget_fluid_desktop iframe {\n\t\t\t    width: 100% !important;\n\t\t\t}\n\t\t  <\/style>\n\t\t  ","protected":false},"excerpt":{"rendered":"<p>Jos\u00e9 San Martin es el primer Precandidato a Concejal en Uni\u00f3n por la Patria. Esta lista (N\u00b0 6) la encabeza la Precandidata a Intendenta Susana L\u00f3pez. San Martin expres\u00f3 \u201cPara cambiar la realidad hay que involucrarse y algo nuevo que nunca se vivi\u00f3 en la democracia en el Partido de Patagones, es la participaci\u00f3n de [&hellip;]<\/p>\n","protected":false},"author":4,"featured_media":32316,"comment_status":"closed","ping_status":"closed","sticky":false,"template":"","format":"standard","meta":{"_joinchat":[],"footnotes":""},"categories":[38],"tags":[],"class_list":["post-32315","post","type-post","status-publish","format-standard","has-post-thumbnail","hentry","category-elecciones"],"_links":{"self":[{"href":"https:\/\/www.elpolitologoyelpolitico.com.ar\/wordpress\/wp-json\/wp\/v2\/posts\/32315","targetHints":{"allow":["GET"]}}],"collection":[{"href":"https:\/\/www.elpolitologoyelpolitico.com.ar\/wordpress\/wp-json\/wp\/v2\/posts"}],"about":[{"href":"https:\/\/www.elpolitologoyelpolitico.com.ar\/wordpress\/wp-json\/wp\/v2\/types\/post"}],"author":[{"embeddable":true,"href":"https:\/\/www.elpolitologoyelpolitico.com.ar\/wordpress\/wp-json\/wp\/v2\/users\/4"}],"replies":[{"embeddable":true,"href":"https:\/\/www.elpolitologoyelpolitico.com.ar\/wordpress\/wp-json\/wp\/v2\/comments?post=32315"}],"version-history":[{"count":0,"href":"https:\/\/www.elpolitologoyelpolitico.com.ar\/wordpress\/wp-json\/wp\/v2\/posts\/32315\/revisions"}],"wp:featuredmedia":[{"embeddable":true,"href":"https:\/\/www.elpolitologoyelpolitico.com.ar\/wordpress\/wp-json\/wp\/v2\/media\/32316"}],"wp:attachment":[{"href":"https:\/\/www.elpolitologoyelpolitico.com.ar\/wordpress\/wp-json\/wp\/v2\/media?parent=32315"}],"wp:term":[{"taxonomy":"category","embeddable":true,"href":"https:\/\/www.elpolitologoyelpolitico.com.ar\/wordpress\/wp-json\/wp\/v2\/categories?post=32315"},{"taxonomy":"post_tag","embeddable":true,"href":"https:\/\/www.elpolitologoyelpolitico.com.ar\/wordpress\/wp-json\/wp\/v2\/tags?post=32315"}],"curies":[{"name":"wp","href":"https:\/\/api.w.org\/{rel}","templated":true}]}}