{"id":32305,"date":"2023-07-08T15:31:15","date_gmt":"2023-07-08T15:31:15","guid":{"rendered":"https:\/\/www.elpolitologoyelpolitico.com.ar\/wordpress\/?p=32305"},"modified":"2023-07-08T15:31:18","modified_gmt":"2023-07-08T15:31:18","slug":"se-fortalecen-las-acciones-para-prevenir-la-violencia-en-patagones","status":"publish","type":"post","link":"https:\/\/www.elpolitologoyelpolitico.com.ar\/wordpress\/2023\/07\/08\/se-fortalecen-las-acciones-para-prevenir-la-violencia-en-patagones\/","title":{"rendered":"Se fortalecen las acciones para prevenir la violencia en Patagones"},"content":{"rendered":"\n<p>Esta semana, la Comisar\u00eda de la Mujer de Patagones llev\u00f3 adelante una amplia agenda de actividades preventivas en distintos sectores de la comunidad.<\/p>\n\n\n\n<p>Estas acciones se complemetan con el trabajo en conjunto que desarrolla en las instituciones educativas junto al \u00e1rea de Coordinaci\u00f3n de Programas P\u00fablicos.<\/p>\n\n\n\n<p>Se realizaron dos jornadas, ambas relacionadas a la violencia familiar, violencia en el noviazgo, acoso escolar, acoso entre pares.<\/p>\n\n\n\n<p>El personal a cargo hizo especial hincapi\u00e9 en las herramientas para poder exponer una denuncia penal, los alcances legales de la mismas, medidas de protecci\u00f3n que se solicitan al Juzgado de Paz, las distintas intervenciones que realiza el servicio local y la implementaci\u00f3n del dispositivo de bot\u00f3n antip\u00e1nico.<\/p>\n<div class=\"fb-background-color\">\n\t\t\t  <div \n\t\t\t  \tclass = \"fb-comments\" \n\t\t\t  \tdata-href = \"https:\/\/www.elpolitologoyelpolitico.com.ar\/wordpress\/2023\/07\/08\/se-fortalecen-las-acciones-para-prevenir-la-violencia-en-patagones\/\"\n\t\t\t  \tdata-numposts = \"10\"\n\t\t\t  \tdata-lazy = \"true\"\n\t\t\t\tdata-colorscheme = \"light\"\n\t\t\t\tdata-order-by = \"social\"\n\t\t\t\tdata-mobile=true>\n\t\t\t  <\/div><\/div>\n\t\t  <style>\n\t\t    .fb-background-color {\n\t\t\t\tbackground: #ffffff !important;\n\t\t\t}\n\t\t\t.fb_iframe_widget_fluid_desktop iframe {\n\t\t\t    width: 100% !important;\n\t\t\t}\n\t\t  <\/style>\n\t\t  ","protected":false},"excerpt":{"rendered":"<p>Esta semana, la Comisar\u00eda de la Mujer de Patagones llev\u00f3 adelante una amplia agenda de actividades preventivas en distintos sectores de la comunidad. Estas acciones se complemetan con el trabajo en conjunto que desarrolla en las instituciones educativas junto al \u00e1rea de Coordinaci\u00f3n de Programas P\u00fablicos. Se realizaron dos jornadas, ambas relacionadas a la violencia [&hellip;]<\/p>\n","protected":false},"author":4,"featured_media":32306,"comment_status":"closed","ping_status":"closed","sticky":false,"template":"","format":"standard","meta":{"_joinchat":[],"footnotes":""},"categories":[4],"tags":[],"class_list":["post-32305","post","type-post","status-publish","format-standard","has-post-thumbnail","hentry","category-politicas-publicas"],"_links":{"self":[{"href":"https:\/\/www.elpolitologoyelpolitico.com.ar\/wordpress\/wp-json\/wp\/v2\/posts\/32305","targetHints":{"allow":["GET"]}}],"collection":[{"href":"https:\/\/www.elpolitologoyelpolitico.com.ar\/wordpress\/wp-json\/wp\/v2\/posts"}],"about":[{"href":"https:\/\/www.elpolitologoyelpolitico.com.ar\/wordpress\/wp-json\/wp\/v2\/types\/post"}],"author":[{"embeddable":true,"href":"https:\/\/www.elpolitologoyelpolitico.com.ar\/wordpress\/wp-json\/wp\/v2\/users\/4"}],"replies":[{"embeddable":true,"href":"https:\/\/www.elpolitologoyelpolitico.com.ar\/wordpress\/wp-json\/wp\/v2\/comments?post=32305"}],"version-history":[{"count":0,"href":"https:\/\/www.elpolitologoyelpolitico.com.ar\/wordpress\/wp-json\/wp\/v2\/posts\/32305\/revisions"}],"wp:featuredmedia":[{"embeddable":true,"href":"https:\/\/www.elpolitologoyelpolitico.com.ar\/wordpress\/wp-json\/wp\/v2\/media\/32306"}],"wp:attachment":[{"href":"https:\/\/www.elpolitologoyelpolitico.com.ar\/wordpress\/wp-json\/wp\/v2\/media?parent=32305"}],"wp:term":[{"taxonomy":"category","embeddable":true,"href":"https:\/\/www.elpolitologoyelpolitico.com.ar\/wordpress\/wp-json\/wp\/v2\/categories?post=32305"},{"taxonomy":"post_tag","embeddable":true,"href":"https:\/\/www.elpolitologoyelpolitico.com.ar\/wordpress\/wp-json\/wp\/v2\/tags?post=32305"}],"curies":[{"name":"wp","href":"https:\/\/api.w.org\/{rel}","templated":true}]}}