{"id":32267,"date":"2023-07-06T17:21:47","date_gmt":"2023-07-06T17:21:47","guid":{"rendered":"https:\/\/www.elpolitologoyelpolitico.com.ar\/wordpress\/?p=32267"},"modified":"2023-07-06T17:21:49","modified_gmt":"2023-07-06T17:21:49","slug":"rio-negro-pagara-aguinaldos-entre-el-20-y-22-de-julio","status":"publish","type":"post","link":"https:\/\/www.elpolitologoyelpolitico.com.ar\/wordpress\/2023\/07\/06\/rio-negro-pagara-aguinaldos-entre-el-20-y-22-de-julio\/","title":{"rendered":"R\u00edo Negro pagar\u00e1 aguinaldos entre el 20 y 22 de julio"},"content":{"rendered":"\n<p>La Gobernadora, Arabela Carreras, anunci\u00f3 hoy que entre el jueves 20 y el s\u00e1bado 22 de julio todos los trabajadores y trabajadoras de la Administraci\u00f3n P\u00fablica Provincial cobrar\u00e1n su aguinaldo.<\/p>\n\n\n\n<p>A trav\u00e9s de sus redes sociales, la Gobernadora Carreras confirm\u00f3 que el pago de esta primera cuota del Sueldo Anual Complementario se iniciar\u00e1 el 20 con la acreditaci\u00f3n al personal de Salud, Polic\u00eda y Servicio Penitenciario, continuar\u00e1 el 21 con Educaci\u00f3n y finalizar\u00e1 el s\u00e1bado 22 con la Ley 1844, Vialidad Rionegrina, Poderes Legislativo y Judicial y organismos de control.<\/p>\n\n\n\n<p>De esta manera, el Gobierno Provincial cumplir\u00e1 en tiempo y forma con sus obligaciones salariales e inyectar\u00e1 algo m\u00e1s de 24.820 millones de pesos en la econom\u00eda provincial, en medio de un contexto de fuerte crisis financiera que afecta a todo el pa\u00eds.<\/p>\n\n\n\n<p>Adem\u00e1s, la Provincia hizo un esfuerzo econ\u00f3mico y financiero muy importante para disponer un aumento del 8% en los salarios de junio (a pesar del rechazo gremial a la propuesta). Ese incremento se traslad\u00f3 autom\u00e1ticamente a engrosar el monto del aguinaldo, que corresponde a la mitad del mejor sueldo cobrado en el semestre.<\/p>\n\n\n\n<p>A junio de este a\u00f1o, el aumento salarial acumulado es del 42,09% para todo el personal de la Administraci\u00f3n P\u00fablica. La propuesta del Gobierno Provincial, presentada en paritarias, implica llevar ese incremento acumulado al 64,17% en agosto.<\/p>\n<div class=\"fb-background-color\">\n\t\t\t  <div \n\t\t\t  \tclass = \"fb-comments\" \n\t\t\t  \tdata-href = \"https:\/\/www.elpolitologoyelpolitico.com.ar\/wordpress\/2023\/07\/06\/rio-negro-pagara-aguinaldos-entre-el-20-y-22-de-julio\/\"\n\t\t\t  \tdata-numposts = \"10\"\n\t\t\t  \tdata-lazy = \"true\"\n\t\t\t\tdata-colorscheme = \"light\"\n\t\t\t\tdata-order-by = \"social\"\n\t\t\t\tdata-mobile=true>\n\t\t\t  <\/div><\/div>\n\t\t  <style>\n\t\t    .fb-background-color {\n\t\t\t\tbackground: #ffffff !important;\n\t\t\t}\n\t\t\t.fb_iframe_widget_fluid_desktop iframe {\n\t\t\t    width: 100% !important;\n\t\t\t}\n\t\t  <\/style>\n\t\t  ","protected":false},"excerpt":{"rendered":"<p>La Gobernadora, Arabela Carreras, anunci\u00f3 hoy que entre el jueves 20 y el s\u00e1bado 22 de julio todos los trabajadores y trabajadoras de la Administraci\u00f3n P\u00fablica Provincial cobrar\u00e1n su aguinaldo. A trav\u00e9s de sus redes sociales, la Gobernadora Carreras confirm\u00f3 que el pago de esta primera cuota del Sueldo Anual Complementario se iniciar\u00e1 el 20 [&hellip;]<\/p>\n","protected":false},"author":4,"featured_media":32268,"comment_status":"closed","ping_status":"closed","sticky":false,"template":"","format":"standard","meta":{"_joinchat":[],"footnotes":""},"categories":[4],"tags":[],"class_list":["post-32267","post","type-post","status-publish","format-standard","has-post-thumbnail","hentry","category-politicas-publicas"],"_links":{"self":[{"href":"https:\/\/www.elpolitologoyelpolitico.com.ar\/wordpress\/wp-json\/wp\/v2\/posts\/32267","targetHints":{"allow":["GET"]}}],"collection":[{"href":"https:\/\/www.elpolitologoyelpolitico.com.ar\/wordpress\/wp-json\/wp\/v2\/posts"}],"about":[{"href":"https:\/\/www.elpolitologoyelpolitico.com.ar\/wordpress\/wp-json\/wp\/v2\/types\/post"}],"author":[{"embeddable":true,"href":"https:\/\/www.elpolitologoyelpolitico.com.ar\/wordpress\/wp-json\/wp\/v2\/users\/4"}],"replies":[{"embeddable":true,"href":"https:\/\/www.elpolitologoyelpolitico.com.ar\/wordpress\/wp-json\/wp\/v2\/comments?post=32267"}],"version-history":[{"count":0,"href":"https:\/\/www.elpolitologoyelpolitico.com.ar\/wordpress\/wp-json\/wp\/v2\/posts\/32267\/revisions"}],"wp:featuredmedia":[{"embeddable":true,"href":"https:\/\/www.elpolitologoyelpolitico.com.ar\/wordpress\/wp-json\/wp\/v2\/media\/32268"}],"wp:attachment":[{"href":"https:\/\/www.elpolitologoyelpolitico.com.ar\/wordpress\/wp-json\/wp\/v2\/media?parent=32267"}],"wp:term":[{"taxonomy":"category","embeddable":true,"href":"https:\/\/www.elpolitologoyelpolitico.com.ar\/wordpress\/wp-json\/wp\/v2\/categories?post=32267"},{"taxonomy":"post_tag","embeddable":true,"href":"https:\/\/www.elpolitologoyelpolitico.com.ar\/wordpress\/wp-json\/wp\/v2\/tags?post=32267"}],"curies":[{"name":"wp","href":"https:\/\/api.w.org\/{rel}","templated":true}]}}