{"id":32262,"date":"2023-07-06T15:10:06","date_gmt":"2023-07-06T15:10:06","guid":{"rendered":"https:\/\/www.elpolitologoyelpolitico.com.ar\/wordpress\/?p=32262"},"modified":"2023-07-06T15:10:08","modified_gmt":"2023-07-06T15:10:08","slug":"tareas-de-mantenimiento-en-el-acceso-al-puente-ferrocarretero","status":"publish","type":"post","link":"https:\/\/www.elpolitologoyelpolitico.com.ar\/wordpress\/2023\/07\/06\/tareas-de-mantenimiento-en-el-acceso-al-puente-ferrocarretero\/","title":{"rendered":"Tareas de mantenimiento en el acceso al puente Ferrocarretero"},"content":{"rendered":"\n<p>El Gobierno de Viedma llev\u00f3 a cabo tareas de mantenimiento en el acceso al puente Ferrocarretero, con el objetivo de garantizar condiciones \u00f3ptimas de seguridad y transitabilidad.<\/p>\n\n\n\n<p>Estas acciones fueron realizadas por el \u00e1rea de Servicios P\u00fablicos de la Municipalidad, en conjunto con operarios de Vialidad Nacional.<\/p>\n\n\n\n<p>En el marco de estas labores de mantenimiento, se realiz\u00f3 el recambio de luminarias, as\u00ed como el barrido de la calzada y la pintura de las l\u00edneas horizontales.<\/p>\n\n\n\n<p>El subsecretario de Servicios P\u00fablicos Juan Ignacio Casadei explic\u00f3: \u00abDurante esta intervenci\u00f3n, se procedi\u00f3 al cambio de luminarias en las 14 columnas ubicadas en la explanada que conecta con el puente\u00bb, explic\u00f3 el funcionario.<\/p>\n\n\n\n<p>\u00abEsto incluy\u00f3 el recambio de las 14 luminarias que dan a la avenida, situadas en lo alto de las columnas, y las restantes 14 que iluminan la senda peatonal paralela\u00bb, agreg\u00f3.<\/p>\n\n\n\n<p>Adem\u00e1s, se realiz\u00f3 un exhaustivo barrido de la calzada. Asimismo, se procedi\u00f3 a la pintura de las l\u00edneas horizontales, lo que contribuir\u00e1 a una mayor visibilidad y seguridad vial en el \u00e1rea.<\/p>\n\n\n\n<figure class=\"wp-block-gallery has-nested-images columns-default is-cropped wp-block-gallery-1 is-layout-flex wp-block-gallery-is-layout-flex\">\n<figure class=\"wp-block-image size-large\"><img fetchpriority=\"high\" decoding=\"async\" width=\"720\" height=\"405\" data-id=\"32264\" src=\"https:\/\/www.elpolitologoyelpolitico.com.ar\/wp-content\/uploads\/2023\/07\/IMG-20230706-WA0004.jpg\" alt=\"\" class=\"wp-image-32264\" srcset=\"https:\/\/www.elpolitologoyelpolitico.com.ar\/wp-content\/uploads\/2023\/07\/IMG-20230706-WA0004.jpg 720w, https:\/\/www.elpolitologoyelpolitico.com.ar\/wp-content\/uploads\/2023\/07\/IMG-20230706-WA0004-300x169.jpg 300w\" sizes=\"(max-width: 720px) 100vw, 720px\" \/><\/figure>\n\n\n\n<figure class=\"wp-block-image size-large\"><img decoding=\"async\" width=\"720\" height=\"405\" data-id=\"32265\" src=\"https:\/\/www.elpolitologoyelpolitico.com.ar\/wp-content\/uploads\/2023\/07\/IMG-20230706-WA0003.jpg\" alt=\"\" class=\"wp-image-32265\" srcset=\"https:\/\/www.elpolitologoyelpolitico.com.ar\/wp-content\/uploads\/2023\/07\/IMG-20230706-WA0003.jpg 720w, https:\/\/www.elpolitologoyelpolitico.com.ar\/wp-content\/uploads\/2023\/07\/IMG-20230706-WA0003-300x169.jpg 300w\" sizes=\"(max-width: 720px) 100vw, 720px\" \/><\/figure>\n<\/figure>\n<div class=\"fb-background-color\">\n\t\t\t  <div \n\t\t\t  \tclass = \"fb-comments\" \n\t\t\t  \tdata-href = \"https:\/\/www.elpolitologoyelpolitico.com.ar\/wordpress\/2023\/07\/06\/tareas-de-mantenimiento-en-el-acceso-al-puente-ferrocarretero\/\"\n\t\t\t  \tdata-numposts = \"10\"\n\t\t\t  \tdata-lazy = \"true\"\n\t\t\t\tdata-colorscheme = \"light\"\n\t\t\t\tdata-order-by = \"social\"\n\t\t\t\tdata-mobile=true>\n\t\t\t  <\/div><\/div>\n\t\t  <style>\n\t\t    .fb-background-color {\n\t\t\t\tbackground: #ffffff !important;\n\t\t\t}\n\t\t\t.fb_iframe_widget_fluid_desktop iframe {\n\t\t\t    width: 100% !important;\n\t\t\t}\n\t\t  <\/style>\n\t\t  ","protected":false},"excerpt":{"rendered":"<p>El Gobierno de Viedma llev\u00f3 a cabo tareas de mantenimiento en el acceso al puente Ferrocarretero, con el objetivo de garantizar condiciones \u00f3ptimas de seguridad y transitabilidad. Estas acciones fueron realizadas por el \u00e1rea de Servicios P\u00fablicos de la Municipalidad, en conjunto con operarios de Vialidad Nacional. En el marco de estas labores de mantenimiento, [&hellip;]<\/p>\n","protected":false},"author":4,"featured_media":32263,"comment_status":"closed","ping_status":"closed","sticky":false,"template":"","format":"standard","meta":{"_joinchat":[],"footnotes":""},"categories":[4],"tags":[],"class_list":["post-32262","post","type-post","status-publish","format-standard","has-post-thumbnail","hentry","category-politicas-publicas"],"_links":{"self":[{"href":"https:\/\/www.elpolitologoyelpolitico.com.ar\/wordpress\/wp-json\/wp\/v2\/posts\/32262","targetHints":{"allow":["GET"]}}],"collection":[{"href":"https:\/\/www.elpolitologoyelpolitico.com.ar\/wordpress\/wp-json\/wp\/v2\/posts"}],"about":[{"href":"https:\/\/www.elpolitologoyelpolitico.com.ar\/wordpress\/wp-json\/wp\/v2\/types\/post"}],"author":[{"embeddable":true,"href":"https:\/\/www.elpolitologoyelpolitico.com.ar\/wordpress\/wp-json\/wp\/v2\/users\/4"}],"replies":[{"embeddable":true,"href":"https:\/\/www.elpolitologoyelpolitico.com.ar\/wordpress\/wp-json\/wp\/v2\/comments?post=32262"}],"version-history":[{"count":0,"href":"https:\/\/www.elpolitologoyelpolitico.com.ar\/wordpress\/wp-json\/wp\/v2\/posts\/32262\/revisions"}],"wp:featuredmedia":[{"embeddable":true,"href":"https:\/\/www.elpolitologoyelpolitico.com.ar\/wordpress\/wp-json\/wp\/v2\/media\/32263"}],"wp:attachment":[{"href":"https:\/\/www.elpolitologoyelpolitico.com.ar\/wordpress\/wp-json\/wp\/v2\/media?parent=32262"}],"wp:term":[{"taxonomy":"category","embeddable":true,"href":"https:\/\/www.elpolitologoyelpolitico.com.ar\/wordpress\/wp-json\/wp\/v2\/categories?post=32262"},{"taxonomy":"post_tag","embeddable":true,"href":"https:\/\/www.elpolitologoyelpolitico.com.ar\/wordpress\/wp-json\/wp\/v2\/tags?post=32262"}],"curies":[{"name":"wp","href":"https:\/\/api.w.org\/{rel}","templated":true}]}}