{"id":32255,"date":"2023-07-06T14:34:07","date_gmt":"2023-07-06T14:34:07","guid":{"rendered":"https:\/\/www.elpolitologoyelpolitico.com.ar\/wordpress\/?p=32255"},"modified":"2023-07-06T14:34:52","modified_gmt":"2023-07-06T14:34:52","slug":"el-frente-de-izquierda-unidadpresento-la-lista-1a-en-fiske-roca","status":"publish","type":"post","link":"https:\/\/www.elpolitologoyelpolitico.com.ar\/wordpress\/2023\/07\/06\/el-frente-de-izquierda-unidadpresento-la-lista-1a-en-fiske-roca\/","title":{"rendered":"EL FRENTE DE IZQUIERDA UNIDAD PRESENT\u00d3 LA LISTA 1A EN FISKE\/ROCA"},"content":{"rendered":"\n<p>Este mi\u00e9rcoles 5 de julio, se realiz\u00f3 una conferencia de prensa en Fiske Menuco\/Gral. Roca, con la participaci\u00f3n de Norma Dardik y Gabriel Musa, dirigentes del Partido Obrero, y Jere Zalazar y Dami\u00e1n Lazota, dirigentes del Movimiento Socialista de los Trabajadores, que integran la lista 1A del Frente de Izquierda Unidad para las elecciones primarias.<\/p>\n\n\n\n<p>Los precandidatos a diputados nacionales y parlamentarios del Mercosur expusieron las principales propuestas de la lista que encabezan a nivel nacional Gabriel Solano y Vilma Ripoll, bajo el lema \u201cUnidad de Luchadores y la Izquierda\u201d.<\/p>\n\n\n\n<p>Entre los objetivos principales de esta lista, se destac\u00f3 la necesidad de construir una izquierda que se plante frente al ajuste presente y el que se avecina despu\u00e9s del 10 de diciembre, en defensa del pueblo, el ambiente, y contra las pol\u00edticas extractivas y de saqueo de los bienes comunes.<\/p>\n\n\n\n<p>Asimismo, se se\u00f1al\u00f3 que la izquierda impulsa la movilizaci\u00f3n y la organizaci\u00f3n independiente de las y los trabajadores ocupados y desocupados, junto a las mujeres, las juventudes y los sectores populares. Tambi\u00e9n se plante\u00f3 el no pago de la deuda externa ileg\u00edtima y fraudulenta, que hipoteca el futuro del pa\u00eds y condiciona el presupuesto nacional a los intereses de los acreedores internacionales como el FMI.<\/p>\n\n\n\n<p>Finalmente, se hizo un llamado a votar por la lista 1A del Frente de Izquierda Unidad en las PASO del 13 de agosto, la cual representa una lista votada por 25.000 luchadores en un plenario nacional, que defiende una izquierda independiente, asociada a las luchas populares y que lucha por un gobierno de las y los trabajadores.<\/p>\n\n\n\n<p>Lista 1A, \u201cUnidad de Luchadores y la Izquierda\u201d:<\/p>\n\n\n\n<p>Presidente y Vice:<br>Gabriel Solano y Vilma Ripoll<\/p>\n\n\n\n<p>Diputados Nacionales<\/p>\n\n\n\n<p>Titulares:<br>Norma Dardik<br>Jere Zalazar<br>Margarita Diaz<\/p>\n\n\n\n<p>Suplentes:<br>Rafael Maigua<br>Leticia \u00c1vila<br>Cristian Silvestre<\/p>\n\n\n\n<p>Parlasur<br>Titular:<br>Dami\u00e1n Lazota<\/p>\n\n\n\n<p>Suplentes:<br>Daiana Matamala<br>Gabriel Mussa<\/p>\n<div class=\"fb-background-color\">\n\t\t\t  <div \n\t\t\t  \tclass = \"fb-comments\" \n\t\t\t  \tdata-href = \"https:\/\/www.elpolitologoyelpolitico.com.ar\/wordpress\/2023\/07\/06\/el-frente-de-izquierda-unidadpresento-la-lista-1a-en-fiske-roca\/\"\n\t\t\t  \tdata-numposts = \"10\"\n\t\t\t  \tdata-lazy = \"true\"\n\t\t\t\tdata-colorscheme = \"light\"\n\t\t\t\tdata-order-by = \"social\"\n\t\t\t\tdata-mobile=true>\n\t\t\t  <\/div><\/div>\n\t\t  <style>\n\t\t    .fb-background-color {\n\t\t\t\tbackground: #ffffff !important;\n\t\t\t}\n\t\t\t.fb_iframe_widget_fluid_desktop iframe {\n\t\t\t    width: 100% !important;\n\t\t\t}\n\t\t  <\/style>\n\t\t  ","protected":false},"excerpt":{"rendered":"<p>Este mi\u00e9rcoles 5 de julio, se realiz\u00f3 una conferencia de prensa en Fiske Menuco\/Gral. Roca, con la participaci\u00f3n de Norma Dardik y Gabriel Musa, dirigentes del Partido Obrero, y Jere Zalazar y Dami\u00e1n Lazota, dirigentes del Movimiento Socialista de los Trabajadores, que integran la lista 1A del Frente de Izquierda Unidad para las elecciones primarias. [&hellip;]<\/p>\n","protected":false},"author":4,"featured_media":32256,"comment_status":"closed","ping_status":"closed","sticky":false,"template":"","format":"standard","meta":{"_joinchat":[],"footnotes":""},"categories":[38],"tags":[],"class_list":["post-32255","post","type-post","status-publish","format-standard","has-post-thumbnail","hentry","category-elecciones"],"_links":{"self":[{"href":"https:\/\/www.elpolitologoyelpolitico.com.ar\/wordpress\/wp-json\/wp\/v2\/posts\/32255","targetHints":{"allow":["GET"]}}],"collection":[{"href":"https:\/\/www.elpolitologoyelpolitico.com.ar\/wordpress\/wp-json\/wp\/v2\/posts"}],"about":[{"href":"https:\/\/www.elpolitologoyelpolitico.com.ar\/wordpress\/wp-json\/wp\/v2\/types\/post"}],"author":[{"embeddable":true,"href":"https:\/\/www.elpolitologoyelpolitico.com.ar\/wordpress\/wp-json\/wp\/v2\/users\/4"}],"replies":[{"embeddable":true,"href":"https:\/\/www.elpolitologoyelpolitico.com.ar\/wordpress\/wp-json\/wp\/v2\/comments?post=32255"}],"version-history":[{"count":0,"href":"https:\/\/www.elpolitologoyelpolitico.com.ar\/wordpress\/wp-json\/wp\/v2\/posts\/32255\/revisions"}],"wp:featuredmedia":[{"embeddable":true,"href":"https:\/\/www.elpolitologoyelpolitico.com.ar\/wordpress\/wp-json\/wp\/v2\/media\/32256"}],"wp:attachment":[{"href":"https:\/\/www.elpolitologoyelpolitico.com.ar\/wordpress\/wp-json\/wp\/v2\/media?parent=32255"}],"wp:term":[{"taxonomy":"category","embeddable":true,"href":"https:\/\/www.elpolitologoyelpolitico.com.ar\/wordpress\/wp-json\/wp\/v2\/categories?post=32255"},{"taxonomy":"post_tag","embeddable":true,"href":"https:\/\/www.elpolitologoyelpolitico.com.ar\/wordpress\/wp-json\/wp\/v2\/tags?post=32255"}],"curies":[{"name":"wp","href":"https:\/\/api.w.org\/{rel}","templated":true}]}}