{"id":32248,"date":"2023-07-06T01:02:14","date_gmt":"2023-07-06T01:02:14","guid":{"rendered":"https:\/\/www.elpolitologoyelpolitico.com.ar\/wordpress\/?p=32248"},"modified":"2023-07-06T01:02:16","modified_gmt":"2023-07-06T01:02:16","slug":"nuevo-operativo-del-registro-provincial-de-las-personas-en-el-distrito-de-patagones","status":"publish","type":"post","link":"https:\/\/www.elpolitologoyelpolitico.com.ar\/wordpress\/2023\/07\/06\/nuevo-operativo-del-registro-provincial-de-las-personas-en-el-distrito-de-patagones\/","title":{"rendered":"Nuevo Operativo del Registro Provincial de las Personas en el Distrito de Patagones."},"content":{"rendered":"\n<p>Desde el Bloque de Concejales del Bloque Uni\u00f3n por la Patria,&nbsp;a trav\u00e9s del Ministerio de Gobierno, dependiente de la Ministra Cristiana \u00c1lvarez Rodr\u00edguez, se confirm\u00f3 este nuevo operativo, que se prev\u00e9 para el 17 de Julio en Bah\u00eda San Blas y 18 de Julio en la localidad de Villalonga.<\/p>\n\n\n\n<p>Se recuerda a los vecinos de dichas localidades,&nbsp; que podr\u00e1n realizar los siguientes tr\u00e1mites: Solicitud de DNI, Partidas de Nacimientos, Pasaportes, Certificados de Domicilios, Extravios, y Certificados de Pre Identificaci\u00f3n (CPI) Cambio de G\u00e9nero.<\/p>\n\n\n\n<p>Las gestiones ante las Autoridades del Gobierno de la provincia de Buenos Aires, fueron realizadas por los Ediles del Bloque Uni\u00f3n por la Patria, as\u00ed lo confirmo su presidente Ariel Zvenger<\/p>\n<div class=\"fb-background-color\">\n\t\t\t  <div \n\t\t\t  \tclass = \"fb-comments\" \n\t\t\t  \tdata-href = \"https:\/\/www.elpolitologoyelpolitico.com.ar\/wordpress\/2023\/07\/06\/nuevo-operativo-del-registro-provincial-de-las-personas-en-el-distrito-de-patagones\/\"\n\t\t\t  \tdata-numposts = \"10\"\n\t\t\t  \tdata-lazy = \"true\"\n\t\t\t\tdata-colorscheme = \"light\"\n\t\t\t\tdata-order-by = \"social\"\n\t\t\t\tdata-mobile=true>\n\t\t\t  <\/div><\/div>\n\t\t  <style>\n\t\t    .fb-background-color {\n\t\t\t\tbackground: #ffffff !important;\n\t\t\t}\n\t\t\t.fb_iframe_widget_fluid_desktop iframe {\n\t\t\t    width: 100% !important;\n\t\t\t}\n\t\t  <\/style>\n\t\t  ","protected":false},"excerpt":{"rendered":"<p>Desde el Bloque de Concejales del Bloque Uni\u00f3n por la Patria,&nbsp;a trav\u00e9s del Ministerio de Gobierno, dependiente de la Ministra Cristiana \u00c1lvarez Rodr\u00edguez, se confirm\u00f3 este nuevo operativo, que se prev\u00e9 para el 17 de Julio en Bah\u00eda San Blas y 18 de Julio en la localidad de Villalonga. Se recuerda a los vecinos de [&hellip;]<\/p>\n","protected":false},"author":4,"featured_media":32249,"comment_status":"closed","ping_status":"closed","sticky":false,"template":"","format":"standard","meta":{"_joinchat":[],"footnotes":""},"categories":[4],"tags":[],"class_list":["post-32248","post","type-post","status-publish","format-standard","has-post-thumbnail","hentry","category-politicas-publicas"],"_links":{"self":[{"href":"https:\/\/www.elpolitologoyelpolitico.com.ar\/wordpress\/wp-json\/wp\/v2\/posts\/32248","targetHints":{"allow":["GET"]}}],"collection":[{"href":"https:\/\/www.elpolitologoyelpolitico.com.ar\/wordpress\/wp-json\/wp\/v2\/posts"}],"about":[{"href":"https:\/\/www.elpolitologoyelpolitico.com.ar\/wordpress\/wp-json\/wp\/v2\/types\/post"}],"author":[{"embeddable":true,"href":"https:\/\/www.elpolitologoyelpolitico.com.ar\/wordpress\/wp-json\/wp\/v2\/users\/4"}],"replies":[{"embeddable":true,"href":"https:\/\/www.elpolitologoyelpolitico.com.ar\/wordpress\/wp-json\/wp\/v2\/comments?post=32248"}],"version-history":[{"count":0,"href":"https:\/\/www.elpolitologoyelpolitico.com.ar\/wordpress\/wp-json\/wp\/v2\/posts\/32248\/revisions"}],"wp:featuredmedia":[{"embeddable":true,"href":"https:\/\/www.elpolitologoyelpolitico.com.ar\/wordpress\/wp-json\/wp\/v2\/media\/32249"}],"wp:attachment":[{"href":"https:\/\/www.elpolitologoyelpolitico.com.ar\/wordpress\/wp-json\/wp\/v2\/media?parent=32248"}],"wp:term":[{"taxonomy":"category","embeddable":true,"href":"https:\/\/www.elpolitologoyelpolitico.com.ar\/wordpress\/wp-json\/wp\/v2\/categories?post=32248"},{"taxonomy":"post_tag","embeddable":true,"href":"https:\/\/www.elpolitologoyelpolitico.com.ar\/wordpress\/wp-json\/wp\/v2\/tags?post=32248"}],"curies":[{"name":"wp","href":"https:\/\/api.w.org\/{rel}","templated":true}]}}