{"id":32242,"date":"2023-07-06T00:47:14","date_gmt":"2023-07-06T00:47:14","guid":{"rendered":"https:\/\/www.elpolitologoyelpolitico.com.ar\/wordpress\/?p=32242"},"modified":"2023-07-06T00:47:16","modified_gmt":"2023-07-06T00:47:16","slug":"recambio-de-luminarias-a-led-en-varios-puntos-de-la-ciudad","status":"publish","type":"post","link":"https:\/\/www.elpolitologoyelpolitico.com.ar\/wordpress\/2023\/07\/06\/recambio-de-luminarias-a-led-en-varios-puntos-de-la-ciudad\/","title":{"rendered":"Recambio de luminarias a LED en varios puntos de la ciudad"},"content":{"rendered":"\n<p>El Gobierno de Viedma inici\u00f3 el recambio de luminarias a LED en varios puntos de la ciudad, con el objetivo de optimizar la eficiencia energ\u00e9tica y brindar una iluminaci\u00f3n m\u00e1s segura y duradera.<\/p>\n\n\n\n<p>En esta primera intervenci\u00f3n, se han seleccionado 150 puntos de recambio en diferentes zonas.<\/p>\n\n\n\n<p>\u00abEsta renovaci\u00f3n de luminarias busca no solo mejorar la visibilidad en calles y espacios p\u00fablicos, sino tambi\u00e9n reducir el consumo de energ\u00eda, lograr un ahorro energ\u00e9tico significativo, reducir los costos econ\u00f3micos, beneficiar al ambiente y mejorar la seguridad\u00bb, dijo al respecto el secretario de Espacios P\u00fablicos, Servicios y Ambiente Gast\u00f3n Guti\u00e9rrez.<\/p>\n\n\n\n<p>El primer tramo de trabajo se complet\u00f3 en la calle Tucum\u00e1n, hasta el final de la arteria. Las luminarias ya funcionan y el cambio es notorio.<\/p>\n\n\n\n<p>Lo propio se hizo en la calle O\u2019higgins desde Guido hasta Juan B. Justo.<\/p>\n\n\n\n<p>El \u00e1rea de Servicios P\u00fablicos seguir\u00e1 la reconversi\u00f3n en el acceso al barrio Los Fresnos por calle R\u00edo Azul.<\/p>\n\n\n\n<p>Adem\u00e1s, en una acci\u00f3n conjunta con Vialidad de R\u00edo Negro, se proceder\u00e1 al recambio de luminarias en el ingreso al puente Ferrocarretero, y se realizar\u00e1 la pintura de la calzada, por lo cual este mi\u00e9rcoles estar\u00e1 cortado el tr\u00e1nsito en el puente de 9 a 13.<\/p>\n<div class=\"fb-background-color\">\n\t\t\t  <div \n\t\t\t  \tclass = \"fb-comments\" \n\t\t\t  \tdata-href = \"https:\/\/www.elpolitologoyelpolitico.com.ar\/wordpress\/2023\/07\/06\/recambio-de-luminarias-a-led-en-varios-puntos-de-la-ciudad\/\"\n\t\t\t  \tdata-numposts = \"10\"\n\t\t\t  \tdata-lazy = \"true\"\n\t\t\t\tdata-colorscheme = \"light\"\n\t\t\t\tdata-order-by = \"social\"\n\t\t\t\tdata-mobile=true>\n\t\t\t  <\/div><\/div>\n\t\t  <style>\n\t\t    .fb-background-color {\n\t\t\t\tbackground: #ffffff !important;\n\t\t\t}\n\t\t\t.fb_iframe_widget_fluid_desktop iframe {\n\t\t\t    width: 100% !important;\n\t\t\t}\n\t\t  <\/style>\n\t\t  ","protected":false},"excerpt":{"rendered":"<p>El Gobierno de Viedma inici\u00f3 el recambio de luminarias a LED en varios puntos de la ciudad, con el objetivo de optimizar la eficiencia energ\u00e9tica y brindar una iluminaci\u00f3n m\u00e1s segura y duradera. En esta primera intervenci\u00f3n, se han seleccionado 150 puntos de recambio en diferentes zonas. \u00abEsta renovaci\u00f3n de luminarias busca no solo mejorar [&hellip;]<\/p>\n","protected":false},"author":4,"featured_media":32243,"comment_status":"closed","ping_status":"closed","sticky":false,"template":"","format":"standard","meta":{"_joinchat":[],"footnotes":""},"categories":[4],"tags":[],"class_list":["post-32242","post","type-post","status-publish","format-standard","has-post-thumbnail","hentry","category-politicas-publicas"],"_links":{"self":[{"href":"https:\/\/www.elpolitologoyelpolitico.com.ar\/wordpress\/wp-json\/wp\/v2\/posts\/32242","targetHints":{"allow":["GET"]}}],"collection":[{"href":"https:\/\/www.elpolitologoyelpolitico.com.ar\/wordpress\/wp-json\/wp\/v2\/posts"}],"about":[{"href":"https:\/\/www.elpolitologoyelpolitico.com.ar\/wordpress\/wp-json\/wp\/v2\/types\/post"}],"author":[{"embeddable":true,"href":"https:\/\/www.elpolitologoyelpolitico.com.ar\/wordpress\/wp-json\/wp\/v2\/users\/4"}],"replies":[{"embeddable":true,"href":"https:\/\/www.elpolitologoyelpolitico.com.ar\/wordpress\/wp-json\/wp\/v2\/comments?post=32242"}],"version-history":[{"count":0,"href":"https:\/\/www.elpolitologoyelpolitico.com.ar\/wordpress\/wp-json\/wp\/v2\/posts\/32242\/revisions"}],"wp:featuredmedia":[{"embeddable":true,"href":"https:\/\/www.elpolitologoyelpolitico.com.ar\/wordpress\/wp-json\/wp\/v2\/media\/32243"}],"wp:attachment":[{"href":"https:\/\/www.elpolitologoyelpolitico.com.ar\/wordpress\/wp-json\/wp\/v2\/media?parent=32242"}],"wp:term":[{"taxonomy":"category","embeddable":true,"href":"https:\/\/www.elpolitologoyelpolitico.com.ar\/wordpress\/wp-json\/wp\/v2\/categories?post=32242"},{"taxonomy":"post_tag","embeddable":true,"href":"https:\/\/www.elpolitologoyelpolitico.com.ar\/wordpress\/wp-json\/wp\/v2\/tags?post=32242"}],"curies":[{"name":"wp","href":"https:\/\/api.w.org\/{rel}","templated":true}]}}