{"id":32238,"date":"2023-07-06T00:36:55","date_gmt":"2023-07-06T00:36:55","guid":{"rendered":"https:\/\/www.elpolitologoyelpolitico.com.ar\/wordpress\/?p=32238"},"modified":"2023-07-06T00:36:55","modified_gmt":"2023-07-06T00:36:55","slug":"conversatorio-sobre-violencia-intrafamiliar-y-adicciones-en-pradere","status":"publish","type":"post","link":"https:\/\/www.elpolitologoyelpolitico.com.ar\/wordpress\/2023\/07\/06\/conversatorio-sobre-violencia-intrafamiliar-y-adicciones-en-pradere\/","title":{"rendered":"Conversatorio sobre violencia intrafamiliar y adicciones en Pradere"},"content":{"rendered":"\n<p>Se realiz\u00f3 este martes el conversatorio abierto a la comunidad sobre violencia intrafamiliar y adicciones en Juan A. Pradere.<\/p>\n\n\n\n<p>El mismo estuvo a cargo del equipo que integra la Oficina de G\u00e9nero de la localidad, el Servicio Local y personal del Centro Municipal de Adicciones \u2013CMA-.<\/p>\n\n\n\n<p>Estuvieron presentes, la Delegada Municipal, Rosana Teruel, y la Directora de Ni\u00f1ez, Adolescencia y G\u00e9nero, Jorgelina Castronovo.<\/p>\n\n\n\n<p>En la oportunidad, los profesionales y referentes de las respectivas \u00e1reas resolvieron preguntas y dudas de la poblaci\u00f3n, ofreciendo herramientas de abordaje e informaci\u00f3n sobre d\u00f3nde recurrir en casos de violencia.<\/p>\n\n\n\n<p>Al respecto, Castronovo, destac\u00f3 la importante concurrencia de vecinos, trabajadores de la delegaci\u00f3n, personal de Acci\u00f3n Social y de la Oficina de G\u00e9nero de la localidad de Villalonga.<\/p>\n\n\n\n<figure class=\"wp-block-image size-large\"><img fetchpriority=\"high\" decoding=\"async\" width=\"768\" height=\"1024\" src=\"https:\/\/www.elpolitologoyelpolitico.com.ar\/wp-content\/uploads\/2023\/07\/IMG-20230705-WA0024-768x1024.jpg\" alt=\"\" class=\"wp-image-32240\" srcset=\"https:\/\/www.elpolitologoyelpolitico.com.ar\/wp-content\/uploads\/2023\/07\/IMG-20230705-WA0024-768x1024.jpg 768w, https:\/\/www.elpolitologoyelpolitico.com.ar\/wp-content\/uploads\/2023\/07\/IMG-20230705-WA0024-225x300.jpg 225w, https:\/\/www.elpolitologoyelpolitico.com.ar\/wp-content\/uploads\/2023\/07\/IMG-20230705-WA0024-1152x1536.jpg 1152w, https:\/\/www.elpolitologoyelpolitico.com.ar\/wp-content\/uploads\/2023\/07\/IMG-20230705-WA0024.jpg 1200w\" sizes=\"(max-width: 768px) 100vw, 768px\" \/><\/figure>\n<div class=\"fb-background-color\">\n\t\t\t  <div \n\t\t\t  \tclass = \"fb-comments\" \n\t\t\t  \tdata-href = \"https:\/\/www.elpolitologoyelpolitico.com.ar\/wordpress\/2023\/07\/06\/conversatorio-sobre-violencia-intrafamiliar-y-adicciones-en-pradere\/\"\n\t\t\t  \tdata-numposts = \"10\"\n\t\t\t  \tdata-lazy = \"true\"\n\t\t\t\tdata-colorscheme = \"light\"\n\t\t\t\tdata-order-by = \"social\"\n\t\t\t\tdata-mobile=true>\n\t\t\t  <\/div><\/div>\n\t\t  <style>\n\t\t    .fb-background-color {\n\t\t\t\tbackground: #ffffff !important;\n\t\t\t}\n\t\t\t.fb_iframe_widget_fluid_desktop iframe {\n\t\t\t    width: 100% !important;\n\t\t\t}\n\t\t  <\/style>\n\t\t  ","protected":false},"excerpt":{"rendered":"<p>Se realiz\u00f3 este martes el conversatorio abierto a la comunidad sobre violencia intrafamiliar y adicciones en Juan A. Pradere. El mismo estuvo a cargo del equipo que integra la Oficina de G\u00e9nero de la localidad, el Servicio Local y personal del Centro Municipal de Adicciones \u2013CMA-. Estuvieron presentes, la Delegada Municipal, Rosana Teruel, y la [&hellip;]<\/p>\n","protected":false},"author":4,"featured_media":32239,"comment_status":"closed","ping_status":"closed","sticky":false,"template":"","format":"standard","meta":{"_joinchat":[],"footnotes":""},"categories":[4],"tags":[],"class_list":["post-32238","post","type-post","status-publish","format-standard","has-post-thumbnail","hentry","category-politicas-publicas"],"_links":{"self":[{"href":"https:\/\/www.elpolitologoyelpolitico.com.ar\/wordpress\/wp-json\/wp\/v2\/posts\/32238","targetHints":{"allow":["GET"]}}],"collection":[{"href":"https:\/\/www.elpolitologoyelpolitico.com.ar\/wordpress\/wp-json\/wp\/v2\/posts"}],"about":[{"href":"https:\/\/www.elpolitologoyelpolitico.com.ar\/wordpress\/wp-json\/wp\/v2\/types\/post"}],"author":[{"embeddable":true,"href":"https:\/\/www.elpolitologoyelpolitico.com.ar\/wordpress\/wp-json\/wp\/v2\/users\/4"}],"replies":[{"embeddable":true,"href":"https:\/\/www.elpolitologoyelpolitico.com.ar\/wordpress\/wp-json\/wp\/v2\/comments?post=32238"}],"version-history":[{"count":0,"href":"https:\/\/www.elpolitologoyelpolitico.com.ar\/wordpress\/wp-json\/wp\/v2\/posts\/32238\/revisions"}],"wp:featuredmedia":[{"embeddable":true,"href":"https:\/\/www.elpolitologoyelpolitico.com.ar\/wordpress\/wp-json\/wp\/v2\/media\/32239"}],"wp:attachment":[{"href":"https:\/\/www.elpolitologoyelpolitico.com.ar\/wordpress\/wp-json\/wp\/v2\/media?parent=32238"}],"wp:term":[{"taxonomy":"category","embeddable":true,"href":"https:\/\/www.elpolitologoyelpolitico.com.ar\/wordpress\/wp-json\/wp\/v2\/categories?post=32238"},{"taxonomy":"post_tag","embeddable":true,"href":"https:\/\/www.elpolitologoyelpolitico.com.ar\/wordpress\/wp-json\/wp\/v2\/tags?post=32238"}],"curies":[{"name":"wp","href":"https:\/\/api.w.org\/{rel}","templated":true}]}}