{"id":32233,"date":"2023-07-06T00:26:45","date_gmt":"2023-07-06T00:26:45","guid":{"rendered":"https:\/\/www.elpolitologoyelpolitico.com.ar\/wordpress\/?p=32233"},"modified":"2023-07-06T00:26:46","modified_gmt":"2023-07-06T00:26:46","slug":"con-gran-exito-finalizo-en-viedma-la-jornada-de-transformacion-digital","status":"publish","type":"post","link":"https:\/\/www.elpolitologoyelpolitico.com.ar\/wordpress\/2023\/07\/06\/con-gran-exito-finalizo-en-viedma-la-jornada-de-transformacion-digital\/","title":{"rendered":"Con gran \u00e9xito finaliz\u00f3 en Viedma la jornada de transformaci\u00f3n digital"},"content":{"rendered":"\n<p>Hoy, m\u00e1s de 180 personas participaron de la Jornada de \u201cTransformaci\u00f3n Digital para el desarrollo en la gesti\u00f3n p\u00fablica\u201d en Viedma, organizada por la Secretar\u00eda de Modernizaci\u00f3n de la Agencia R\u00edo Negro Innova, junto con el Laboratorio de Inform\u00e1tica Aplicada de la Universidad Nacional de R\u00edo Negro; la Secretar\u00eda General del Rectorado de la UNRN y ALTEC S.E.<\/p>\n\n\n\n<p>A trav\u00e9s de distintas conferencias, realizadas en el Campus de la Universidad Nacional de R\u00edo Negro, los especialistas invitados compartieron su experiencia en tem\u00e1ticas vinculadas con la transformaci\u00f3n digital, el Gobierno digital, el blockchain, la ciencia de datos, la ciberseguridad y la inteligencia artificial.<\/p>\n\n\n\n<p>\u201cLa transformaci\u00f3n digital es un proceso de mejora continuo, que requiere no s\u00f3lo conocer las herramientas sino tambi\u00e9n tener estrategias claras de implementaci\u00f3n a trav\u00e9s de capacitaciones permanentes para que los agentes p\u00fablicos se conviertan en usuarios activos de un cambio cultural en la gesti\u00f3n p\u00fablica\u201d, asegur\u00f3 el director ejecutivo de la Agencia RN Innova, Ricardo Quintana.<\/p>\n\n\n\n<p>Por su parte, la secretaria de Modernizaci\u00f3n, Ana Clara Vaisberg, manifest\u00f3: \u201cEstamos muy satisfechos con los resultados de esta jornada que consideramos un espacio de intercambio para aprovechar los conocimientos y herramientas que contribuyen a realizar una transformaci\u00f3n digital en la gesti\u00f3n p\u00fablica\u201d. Asimismo, explic\u00f3 que \u201cla transformaci\u00f3n digital se lograr\u00e1 trabajando con esp\u00edritu de gobernanza en forma colaborativa con distintos sectores, con la mirada puesta en el beneficio de la ciudadan\u00eda\u201d.<\/p>\n\n\n\n<p>El objetivo del encuentro fue presentar procesos y herramientas aceleradoras de cambios digitales que permitan impulsar el desarrollo de un ecosistema digital en la Administraci\u00f3n P\u00fablica de R\u00edo Negro que tenga niveles de aplicabilidad y sostenibilidad.&nbsp;<\/p>\n\n\n\n<p>Del evento participaron representantes de los organismos p\u00fablicos del Sector P\u00fablico Provincial, Municipios, Comisiones de Fomento, Gremios, Consejo y Colegio de Profesionales, adem\u00e1s de p\u00fablico en general, tanto de manera presencial como virtual, ya que la Jornada se transmiti\u00f3 en vivo por el Canal de YouTube de la UNRN.<\/p>\n\n\n\n<figure class=\"wp-block-gallery has-nested-images columns-default is-cropped wp-block-gallery-1 is-layout-flex wp-block-gallery-is-layout-flex\">\n<figure class=\"wp-block-image size-large\"><img fetchpriority=\"high\" decoding=\"async\" width=\"1024\" height=\"682\" data-id=\"32235\" src=\"https:\/\/www.elpolitologoyelpolitico.com.ar\/wp-content\/uploads\/2023\/07\/IMG-20230705-WA0021-1024x682.jpg\" alt=\"\" class=\"wp-image-32235\" srcset=\"https:\/\/www.elpolitologoyelpolitico.com.ar\/wp-content\/uploads\/2023\/07\/IMG-20230705-WA0021-1024x682.jpg 1024w, https:\/\/www.elpolitologoyelpolitico.com.ar\/wp-content\/uploads\/2023\/07\/IMG-20230705-WA0021-300x200.jpg 300w, https:\/\/www.elpolitologoyelpolitico.com.ar\/wp-content\/uploads\/2023\/07\/IMG-20230705-WA0021-768x512.jpg 768w, https:\/\/www.elpolitologoyelpolitico.com.ar\/wp-content\/uploads\/2023\/07\/IMG-20230705-WA0021.jpg 1280w\" sizes=\"(max-width: 1024px) 100vw, 1024px\" \/><\/figure>\n\n\n\n<figure class=\"wp-block-image size-large\"><img decoding=\"async\" width=\"1024\" height=\"682\" data-id=\"32236\" src=\"https:\/\/www.elpolitologoyelpolitico.com.ar\/wp-content\/uploads\/2023\/07\/IMG-20230705-WA0020-1024x682.jpg\" alt=\"\" class=\"wp-image-32236\" srcset=\"https:\/\/www.elpolitologoyelpolitico.com.ar\/wp-content\/uploads\/2023\/07\/IMG-20230705-WA0020-1024x682.jpg 1024w, https:\/\/www.elpolitologoyelpolitico.com.ar\/wp-content\/uploads\/2023\/07\/IMG-20230705-WA0020-300x200.jpg 300w, https:\/\/www.elpolitologoyelpolitico.com.ar\/wp-content\/uploads\/2023\/07\/IMG-20230705-WA0020-768x512.jpg 768w, https:\/\/www.elpolitologoyelpolitico.com.ar\/wp-content\/uploads\/2023\/07\/IMG-20230705-WA0020.jpg 1280w\" sizes=\"(max-width: 1024px) 100vw, 1024px\" \/><\/figure>\n<\/figure>\n<div class=\"fb-background-color\">\n\t\t\t  <div \n\t\t\t  \tclass = \"fb-comments\" \n\t\t\t  \tdata-href = \"https:\/\/www.elpolitologoyelpolitico.com.ar\/wordpress\/2023\/07\/06\/con-gran-exito-finalizo-en-viedma-la-jornada-de-transformacion-digital\/\"\n\t\t\t  \tdata-numposts = \"10\"\n\t\t\t  \tdata-lazy = \"true\"\n\t\t\t\tdata-colorscheme = \"light\"\n\t\t\t\tdata-order-by = \"social\"\n\t\t\t\tdata-mobile=true>\n\t\t\t  <\/div><\/div>\n\t\t  <style>\n\t\t    .fb-background-color {\n\t\t\t\tbackground: #ffffff !important;\n\t\t\t}\n\t\t\t.fb_iframe_widget_fluid_desktop iframe {\n\t\t\t    width: 100% !important;\n\t\t\t}\n\t\t  <\/style>\n\t\t  ","protected":false},"excerpt":{"rendered":"<p>Hoy, m\u00e1s de 180 personas participaron de la Jornada de \u201cTransformaci\u00f3n Digital para el desarrollo en la gesti\u00f3n p\u00fablica\u201d en Viedma, organizada por la Secretar\u00eda de Modernizaci\u00f3n de la Agencia R\u00edo Negro Innova, junto con el Laboratorio de Inform\u00e1tica Aplicada de la Universidad Nacional de R\u00edo Negro; la Secretar\u00eda General del Rectorado de la UNRN [&hellip;]<\/p>\n","protected":false},"author":4,"featured_media":32234,"comment_status":"closed","ping_status":"closed","sticky":false,"template":"","format":"standard","meta":{"_joinchat":[],"footnotes":""},"categories":[4],"tags":[],"class_list":["post-32233","post","type-post","status-publish","format-standard","has-post-thumbnail","hentry","category-politicas-publicas"],"_links":{"self":[{"href":"https:\/\/www.elpolitologoyelpolitico.com.ar\/wordpress\/wp-json\/wp\/v2\/posts\/32233","targetHints":{"allow":["GET"]}}],"collection":[{"href":"https:\/\/www.elpolitologoyelpolitico.com.ar\/wordpress\/wp-json\/wp\/v2\/posts"}],"about":[{"href":"https:\/\/www.elpolitologoyelpolitico.com.ar\/wordpress\/wp-json\/wp\/v2\/types\/post"}],"author":[{"embeddable":true,"href":"https:\/\/www.elpolitologoyelpolitico.com.ar\/wordpress\/wp-json\/wp\/v2\/users\/4"}],"replies":[{"embeddable":true,"href":"https:\/\/www.elpolitologoyelpolitico.com.ar\/wordpress\/wp-json\/wp\/v2\/comments?post=32233"}],"version-history":[{"count":0,"href":"https:\/\/www.elpolitologoyelpolitico.com.ar\/wordpress\/wp-json\/wp\/v2\/posts\/32233\/revisions"}],"wp:featuredmedia":[{"embeddable":true,"href":"https:\/\/www.elpolitologoyelpolitico.com.ar\/wordpress\/wp-json\/wp\/v2\/media\/32234"}],"wp:attachment":[{"href":"https:\/\/www.elpolitologoyelpolitico.com.ar\/wordpress\/wp-json\/wp\/v2\/media?parent=32233"}],"wp:term":[{"taxonomy":"category","embeddable":true,"href":"https:\/\/www.elpolitologoyelpolitico.com.ar\/wordpress\/wp-json\/wp\/v2\/categories?post=32233"},{"taxonomy":"post_tag","embeddable":true,"href":"https:\/\/www.elpolitologoyelpolitico.com.ar\/wordpress\/wp-json\/wp\/v2\/tags?post=32233"}],"curies":[{"name":"wp","href":"https:\/\/api.w.org\/{rel}","templated":true}]}}