{"id":32208,"date":"2023-07-05T11:55:10","date_gmt":"2023-07-05T11:55:10","guid":{"rendered":"https:\/\/www.elpolitologoyelpolitico.com.ar\/wordpress\/?p=32208"},"modified":"2023-07-05T11:55:55","modified_gmt":"2023-07-05T11:55:55","slug":"vuelve-la-encuesta-de-alquileres-en-patagones","status":"publish","type":"post","link":"https:\/\/www.elpolitologoyelpolitico.com.ar\/wordpress\/2023\/07\/05\/vuelve-la-encuesta-de-alquileres-en-patagones\/","title":{"rendered":"Vuelve la Encuesta de Alquileres en Patagones"},"content":{"rendered":"\n<p>El Consejo Municipal de Vivienda y H\u00e1bitat anuncia que los d\u00edas Jueves 06\/07 a las 17:00hs; y el S\u00e1bado 08\/07 a las 10:30 hs, se realizar\u00e1 una nueva etapa de encuestas cortas para conocer la situaci\u00f3n de los alquileres en esta ciudad.<\/p>\n\n\n\n<p>En los accesos a los supermercados m\u00e1s populares, miembros del Consejo entrevistar\u00e1n brevemente a todas aquellas personas que est\u00e9n actualmente alquilando para conocer cu\u00e1l es el tipo de vivienda alquilada, la duraci\u00f3n del contrato y el monto mensual acordado. Esta informaci\u00f3n servir\u00e1 de insumo para un informe que retrate la actualidad de esta tem\u00e1tica y recomendar su tratamiento ante las correspondientes instituciones.<\/p>\n<div class=\"fb-background-color\">\n\t\t\t  <div \n\t\t\t  \tclass = \"fb-comments\" \n\t\t\t  \tdata-href = \"https:\/\/www.elpolitologoyelpolitico.com.ar\/wordpress\/2023\/07\/05\/vuelve-la-encuesta-de-alquileres-en-patagones\/\"\n\t\t\t  \tdata-numposts = \"10\"\n\t\t\t  \tdata-lazy = \"true\"\n\t\t\t\tdata-colorscheme = \"light\"\n\t\t\t\tdata-order-by = \"social\"\n\t\t\t\tdata-mobile=true>\n\t\t\t  <\/div><\/div>\n\t\t  <style>\n\t\t    .fb-background-color {\n\t\t\t\tbackground: #ffffff !important;\n\t\t\t}\n\t\t\t.fb_iframe_widget_fluid_desktop iframe {\n\t\t\t    width: 100% !important;\n\t\t\t}\n\t\t  <\/style>\n\t\t  ","protected":false},"excerpt":{"rendered":"<p>El Consejo Municipal de Vivienda y H\u00e1bitat anuncia que los d\u00edas Jueves 06\/07 a las 17:00hs; y el S\u00e1bado 08\/07 a las 10:30 hs, se realizar\u00e1 una nueva etapa de encuestas cortas para conocer la situaci\u00f3n de los alquileres en esta ciudad. En los accesos a los supermercados m\u00e1s populares, miembros del Consejo entrevistar\u00e1n brevemente [&hellip;]<\/p>\n","protected":false},"author":4,"featured_media":32209,"comment_status":"closed","ping_status":"closed","sticky":false,"template":"","format":"standard","meta":{"_joinchat":[],"footnotes":""},"categories":[4],"tags":[],"class_list":["post-32208","post","type-post","status-publish","format-standard","has-post-thumbnail","hentry","category-politicas-publicas"],"_links":{"self":[{"href":"https:\/\/www.elpolitologoyelpolitico.com.ar\/wordpress\/wp-json\/wp\/v2\/posts\/32208","targetHints":{"allow":["GET"]}}],"collection":[{"href":"https:\/\/www.elpolitologoyelpolitico.com.ar\/wordpress\/wp-json\/wp\/v2\/posts"}],"about":[{"href":"https:\/\/www.elpolitologoyelpolitico.com.ar\/wordpress\/wp-json\/wp\/v2\/types\/post"}],"author":[{"embeddable":true,"href":"https:\/\/www.elpolitologoyelpolitico.com.ar\/wordpress\/wp-json\/wp\/v2\/users\/4"}],"replies":[{"embeddable":true,"href":"https:\/\/www.elpolitologoyelpolitico.com.ar\/wordpress\/wp-json\/wp\/v2\/comments?post=32208"}],"version-history":[{"count":0,"href":"https:\/\/www.elpolitologoyelpolitico.com.ar\/wordpress\/wp-json\/wp\/v2\/posts\/32208\/revisions"}],"wp:featuredmedia":[{"embeddable":true,"href":"https:\/\/www.elpolitologoyelpolitico.com.ar\/wordpress\/wp-json\/wp\/v2\/media\/32209"}],"wp:attachment":[{"href":"https:\/\/www.elpolitologoyelpolitico.com.ar\/wordpress\/wp-json\/wp\/v2\/media?parent=32208"}],"wp:term":[{"taxonomy":"category","embeddable":true,"href":"https:\/\/www.elpolitologoyelpolitico.com.ar\/wordpress\/wp-json\/wp\/v2\/categories?post=32208"},{"taxonomy":"post_tag","embeddable":true,"href":"https:\/\/www.elpolitologoyelpolitico.com.ar\/wordpress\/wp-json\/wp\/v2\/tags?post=32208"}],"curies":[{"name":"wp","href":"https:\/\/api.w.org\/{rel}","templated":true}]}}