{"id":32189,"date":"2023-07-04T02:44:21","date_gmt":"2023-07-04T02:44:21","guid":{"rendered":"https:\/\/www.elpolitologoyelpolitico.com.ar\/wordpress\/?p=32189"},"modified":"2023-07-04T02:44:23","modified_gmt":"2023-07-04T02:44:23","slug":"carreras-reglamento-regimen-tarifario-especial-para-bomberos-voluntarios","status":"publish","type":"post","link":"https:\/\/www.elpolitologoyelpolitico.com.ar\/wordpress\/2023\/07\/04\/carreras-reglamento-regimen-tarifario-especial-para-bomberos-voluntarios\/","title":{"rendered":"Carreras reglament\u00f3 r\u00e9gimen tarifario especial para bomberos voluntarios"},"content":{"rendered":"\n<p>La Gobernadora Arabela Carreras, reglament\u00f3 a trav\u00e9s del Decreto 743\/23, la ley que establece un r\u00e9gimen tarifario especial en beneficio de las Asociaciones de Bomberos Voluntarios legalmente constituidas y la Federaci\u00f3n que las agrupa.<\/p>\n\n\n\n<p>La iniciativa, impulsada por la Mandataria y con Acuerdo General de Ministros, propone la adhesi\u00f3n de R\u00edo Negro al R\u00e9gimen Tarifario Especial de Servicios P\u00fablicos establecido por la Ley Nacional 27.629, destinado al aprovisionamiento de energ\u00eda el\u00e9ctrica, gas natural de red, agua potable, colecci\u00f3n de desag\u00fces cloacales, telefon\u00eda fija, telefon\u00eda m\u00f3vil en todas sus modalidades y servicios de las tecnolog\u00edas de la informaci\u00f3n y las comunicaciones, que se encuentren bajo jurisdicci\u00f3n nacional.<\/p>\n\n\n\n<p>Del mismo modo, se establece la gratuidad en los componentes de la facturaci\u00f3n de los servicios p\u00fablicos de jurisdicci\u00f3n provincial, que se devenguen por el uso del servicio en los inmuebles que funcionen como oficinas administrativas, cuarteles y destacamentos operativos.<\/p>\n\n\n\n<p>En la iniciativa se destaca la labor desempe\u00f1ada por las y los bomberos voluntarios, se\u00f1alando su \u201cnotoria e indiscutible importancia para toda la comunidad rionegrina\u201d. Indica que esta tarea \u201csignifica un servicio en favor de los ciudadanos que reporta un valor inconmensurable\u201d, remarcando \u201cel car\u00e1cter altruista de quienes invisten la calidad de bombero voluntario, destinando tiempo correspondiente a su vida personal, social y laboral en favor de sus vecinos, con el fin de protegerlos\u201d.<\/p>\n<div class=\"fb-background-color\">\n\t\t\t  <div \n\t\t\t  \tclass = \"fb-comments\" \n\t\t\t  \tdata-href = \"https:\/\/www.elpolitologoyelpolitico.com.ar\/wordpress\/2023\/07\/04\/carreras-reglamento-regimen-tarifario-especial-para-bomberos-voluntarios\/\"\n\t\t\t  \tdata-numposts = \"10\"\n\t\t\t  \tdata-lazy = \"true\"\n\t\t\t\tdata-colorscheme = \"light\"\n\t\t\t\tdata-order-by = \"social\"\n\t\t\t\tdata-mobile=true>\n\t\t\t  <\/div><\/div>\n\t\t  <style>\n\t\t    .fb-background-color {\n\t\t\t\tbackground: #ffffff !important;\n\t\t\t}\n\t\t\t.fb_iframe_widget_fluid_desktop iframe {\n\t\t\t    width: 100% !important;\n\t\t\t}\n\t\t  <\/style>\n\t\t  ","protected":false},"excerpt":{"rendered":"<p>La Gobernadora Arabela Carreras, reglament\u00f3 a trav\u00e9s del Decreto 743\/23, la ley que establece un r\u00e9gimen tarifario especial en beneficio de las Asociaciones de Bomberos Voluntarios legalmente constituidas y la Federaci\u00f3n que las agrupa. La iniciativa, impulsada por la Mandataria y con Acuerdo General de Ministros, propone la adhesi\u00f3n de R\u00edo Negro al R\u00e9gimen Tarifario [&hellip;]<\/p>\n","protected":false},"author":4,"featured_media":32190,"comment_status":"closed","ping_status":"closed","sticky":false,"template":"","format":"standard","meta":{"_joinchat":[],"footnotes":""},"categories":[4],"tags":[],"class_list":["post-32189","post","type-post","status-publish","format-standard","has-post-thumbnail","hentry","category-politicas-publicas"],"_links":{"self":[{"href":"https:\/\/www.elpolitologoyelpolitico.com.ar\/wordpress\/wp-json\/wp\/v2\/posts\/32189","targetHints":{"allow":["GET"]}}],"collection":[{"href":"https:\/\/www.elpolitologoyelpolitico.com.ar\/wordpress\/wp-json\/wp\/v2\/posts"}],"about":[{"href":"https:\/\/www.elpolitologoyelpolitico.com.ar\/wordpress\/wp-json\/wp\/v2\/types\/post"}],"author":[{"embeddable":true,"href":"https:\/\/www.elpolitologoyelpolitico.com.ar\/wordpress\/wp-json\/wp\/v2\/users\/4"}],"replies":[{"embeddable":true,"href":"https:\/\/www.elpolitologoyelpolitico.com.ar\/wordpress\/wp-json\/wp\/v2\/comments?post=32189"}],"version-history":[{"count":0,"href":"https:\/\/www.elpolitologoyelpolitico.com.ar\/wordpress\/wp-json\/wp\/v2\/posts\/32189\/revisions"}],"wp:featuredmedia":[{"embeddable":true,"href":"https:\/\/www.elpolitologoyelpolitico.com.ar\/wordpress\/wp-json\/wp\/v2\/media\/32190"}],"wp:attachment":[{"href":"https:\/\/www.elpolitologoyelpolitico.com.ar\/wordpress\/wp-json\/wp\/v2\/media?parent=32189"}],"wp:term":[{"taxonomy":"category","embeddable":true,"href":"https:\/\/www.elpolitologoyelpolitico.com.ar\/wordpress\/wp-json\/wp\/v2\/categories?post=32189"},{"taxonomy":"post_tag","embeddable":true,"href":"https:\/\/www.elpolitologoyelpolitico.com.ar\/wordpress\/wp-json\/wp\/v2\/tags?post=32189"}],"curies":[{"name":"wp","href":"https:\/\/api.w.org\/{rel}","templated":true}]}}