{"id":32141,"date":"2023-07-01T17:04:58","date_gmt":"2023-07-01T17:04:58","guid":{"rendered":"https:\/\/www.elpolitologoyelpolitico.com.ar\/wordpress\/?p=32141"},"modified":"2023-07-01T17:05:00","modified_gmt":"2023-07-01T17:05:00","slug":"se-concreto-la-licitacion-para-la-obra-de-construccion-del-cef-166-de-villalonga","status":"publish","type":"post","link":"https:\/\/www.elpolitologoyelpolitico.com.ar\/wordpress\/2023\/07\/01\/se-concreto-la-licitacion-para-la-obra-de-construccion-del-cef-166-de-villalonga\/","title":{"rendered":"Se concret\u00f3 la licitaci\u00f3n para la obra de construcci\u00f3n del CEF 166 de Villalonga"},"content":{"rendered":"\n<p>Este viernes, en representaci\u00f3n del Intendente Municipal, Ing. Jos\u00e9 Luis Zara, el Jefe de Gabinete, Fabio Bettinelli, presidi\u00f3 la licitaci\u00f3n correspondiente a la recientemente anunciada obra de construcci\u00f3n del Centro de Educaci\u00f3n F\u00edsica N\u00b0166, que funciona en la localidad de Villalonga.<\/p>\n\n\n\n<p>Estuvo acompa\u00f1ado por el Secretario de Hacienda, Ricardo Teller\u00eda, el Secretario de Obras P\u00fablicas, Jorge Isaac, la delegada municipal, Valeria M\u00e9ndez, la Directora de Compras, Claudia San Mart\u00edn, y los concejales del bloque Juntos, Rosario Melluso y Ricardo Angos.<\/p>\n\n\n\n<p>Adem\u00e1s, estuvo presente el Director del CEF, Fabricio Sandroni y parte del equipo directivo de la instituci\u00f3n.<\/p>\n\n\n\n<p>La obra en cuesti\u00f3n ser\u00e1 financiada con fondos municipales y cuenta con un presupuesto oficial de m\u00e1s de 50 millones de pesos.<\/p>\n\n\n\n<p>En la ocasi\u00f3n, el Jefe de Gabinete, Fabio Bettinelli, agradeci\u00f3 a los presentes por participar de la licitaci\u00f3n e indic\u00f3 que \u00abesto surge del pedido de las autoridades del CEF, cuando estuvimos con el Intendente y \u00e9l se hizo eco de esta solicitud que hoy se convierte en una realidad\u00bb.<\/p>\n\n\n\n<p>\u00abEl lugar contar\u00e1 con espacios para la direcci\u00f3n, secretar\u00eda, sanitarios y el Sal\u00f3n de Usos M\u00faltiples\u00bb, detall\u00f3, al tiempo que expres\u00f3: \u00abcada vez que podemos hacer una obra y m\u00e1s de educaci\u00f3n, es una satisfacci\u00f3n. El Intendente Zara siempre recalca que es una de las bases de su pol\u00edtica y lo viene demostrando desde que se hizo cargo de la intendencia\u00bb.<\/p>\n\n\n\n<p>Por su parte, el Director del CEF indic\u00f3 que la instituci\u00f3n tiene su sede en Villalonga \u00abpero tambi\u00e9n tenemos profesores que est\u00e1n trabajando en Pradere, Stroeder y San Blas. Se brindan propuestas deportivas de forma gratuita. Generalmente se dan deportes que sean de inter\u00e9s de la comunidad y se trabaja con todas las edades, desde 6 a\u00f1os hasta 80. Tenemos una matr\u00edcula de 500 alumnos entre las cuatro localidades\u00bb.<\/p>\n\n\n\n<p>Con respecto a la obra, Sandroni asegur\u00f3 que \u00abesto nos moviliza porque tenemos las oficinas en la Escuela 12, a una cuadra y media de donde est\u00e1 el SUM que concentra todas las pr\u00e1cticas\u00bb.<\/p>\n\n\n\n<p>Del mismo modo, enfatiz\u00f3 que contar con el edificio propio \u00abnos dar\u00eda mucha identidad y mucha visibilizaci\u00f3n para que podamos llegar mucho m\u00e1s a la comunidad todav\u00eda. El CEF en estos \u00faltimos a\u00f1os creci\u00f3 much\u00edsimo, en San Blas tenemos m\u00e1s de 80 alumnos en dos propuestas y es una de las extensiones que m\u00e1s alumnos tiene, le siguen Pradere y Stroeder\u00bb.<\/p>\n\n\n\n<p>Para finalizar, el Director del CEF agradeci\u00f3 la desici\u00f3n de construir el nuevo espacio y se\u00f1al\u00f3 que \u00abesto tambi\u00e9n significa que vienen reformas para el sal\u00f3n, con la creaci\u00f3n de las oficinas y tambi\u00e9n incluye el revoque del sal\u00f3n que en este momento lo necesita. Es un sal\u00f3n que lo utiliza toda la comunidad, as\u00ed que todos nos vamos a ver beneficiados con la obra\u00bb.<\/p>\n\n\n\n<figure class=\"wp-block-gallery has-nested-images columns-default is-cropped wp-block-gallery-1 is-layout-flex wp-block-gallery-is-layout-flex\">\n<figure class=\"wp-block-image size-large\"><img fetchpriority=\"high\" decoding=\"async\" width=\"1024\" height=\"683\" data-id=\"32143\" src=\"https:\/\/www.elpolitologoyelpolitico.com.ar\/wp-content\/uploads\/2023\/07\/IMG-20230701-WA0002-1024x683.jpg\" alt=\"\" class=\"wp-image-32143\" srcset=\"https:\/\/www.elpolitologoyelpolitico.com.ar\/wp-content\/uploads\/2023\/07\/IMG-20230701-WA0002-1024x683.jpg 1024w, https:\/\/www.elpolitologoyelpolitico.com.ar\/wp-content\/uploads\/2023\/07\/IMG-20230701-WA0002-300x200.jpg 300w, https:\/\/www.elpolitologoyelpolitico.com.ar\/wp-content\/uploads\/2023\/07\/IMG-20230701-WA0002-768x512.jpg 768w, https:\/\/www.elpolitologoyelpolitico.com.ar\/wp-content\/uploads\/2023\/07\/IMG-20230701-WA0002-1536x1024.jpg 1536w, https:\/\/www.elpolitologoyelpolitico.com.ar\/wp-content\/uploads\/2023\/07\/IMG-20230701-WA0002.jpg 1599w\" sizes=\"(max-width: 1024px) 100vw, 1024px\" \/><\/figure>\n\n\n\n<figure class=\"wp-block-image size-large\"><img decoding=\"async\" width=\"1024\" height=\"683\" data-id=\"32144\" src=\"https:\/\/www.elpolitologoyelpolitico.com.ar\/wp-content\/uploads\/2023\/07\/IMG-20230701-WA0003-1024x683.jpg\" alt=\"\" class=\"wp-image-32144\" srcset=\"https:\/\/www.elpolitologoyelpolitico.com.ar\/wp-content\/uploads\/2023\/07\/IMG-20230701-WA0003-1024x683.jpg 1024w, https:\/\/www.elpolitologoyelpolitico.com.ar\/wp-content\/uploads\/2023\/07\/IMG-20230701-WA0003-300x200.jpg 300w, https:\/\/www.elpolitologoyelpolitico.com.ar\/wp-content\/uploads\/2023\/07\/IMG-20230701-WA0003-768x512.jpg 768w, https:\/\/www.elpolitologoyelpolitico.com.ar\/wp-content\/uploads\/2023\/07\/IMG-20230701-WA0003-1536x1024.jpg 1536w, https:\/\/www.elpolitologoyelpolitico.com.ar\/wp-content\/uploads\/2023\/07\/IMG-20230701-WA0003.jpg 1599w\" sizes=\"(max-width: 1024px) 100vw, 1024px\" \/><\/figure>\n<\/figure>\n<div class=\"fb-background-color\">\n\t\t\t  <div \n\t\t\t  \tclass = \"fb-comments\" \n\t\t\t  \tdata-href = \"https:\/\/www.elpolitologoyelpolitico.com.ar\/wordpress\/2023\/07\/01\/se-concreto-la-licitacion-para-la-obra-de-construccion-del-cef-166-de-villalonga\/\"\n\t\t\t  \tdata-numposts = \"10\"\n\t\t\t  \tdata-lazy = \"true\"\n\t\t\t\tdata-colorscheme = \"light\"\n\t\t\t\tdata-order-by = \"social\"\n\t\t\t\tdata-mobile=true>\n\t\t\t  <\/div><\/div>\n\t\t  <style>\n\t\t    .fb-background-color {\n\t\t\t\tbackground: #ffffff !important;\n\t\t\t}\n\t\t\t.fb_iframe_widget_fluid_desktop iframe {\n\t\t\t    width: 100% !important;\n\t\t\t}\n\t\t  <\/style>\n\t\t  ","protected":false},"excerpt":{"rendered":"<p>Este viernes, en representaci\u00f3n del Intendente Municipal, Ing. Jos\u00e9 Luis Zara, el Jefe de Gabinete, Fabio Bettinelli, presidi\u00f3 la licitaci\u00f3n correspondiente a la recientemente anunciada obra de construcci\u00f3n del Centro de Educaci\u00f3n F\u00edsica N\u00b0166, que funciona en la localidad de Villalonga. Estuvo acompa\u00f1ado por el Secretario de Hacienda, Ricardo Teller\u00eda, el Secretario de Obras P\u00fablicas, [&hellip;]<\/p>\n","protected":false},"author":4,"featured_media":32142,"comment_status":"closed","ping_status":"closed","sticky":false,"template":"","format":"standard","meta":{"_joinchat":[],"footnotes":""},"categories":[4],"tags":[],"class_list":["post-32141","post","type-post","status-publish","format-standard","has-post-thumbnail","hentry","category-politicas-publicas"],"_links":{"self":[{"href":"https:\/\/www.elpolitologoyelpolitico.com.ar\/wordpress\/wp-json\/wp\/v2\/posts\/32141","targetHints":{"allow":["GET"]}}],"collection":[{"href":"https:\/\/www.elpolitologoyelpolitico.com.ar\/wordpress\/wp-json\/wp\/v2\/posts"}],"about":[{"href":"https:\/\/www.elpolitologoyelpolitico.com.ar\/wordpress\/wp-json\/wp\/v2\/types\/post"}],"author":[{"embeddable":true,"href":"https:\/\/www.elpolitologoyelpolitico.com.ar\/wordpress\/wp-json\/wp\/v2\/users\/4"}],"replies":[{"embeddable":true,"href":"https:\/\/www.elpolitologoyelpolitico.com.ar\/wordpress\/wp-json\/wp\/v2\/comments?post=32141"}],"version-history":[{"count":0,"href":"https:\/\/www.elpolitologoyelpolitico.com.ar\/wordpress\/wp-json\/wp\/v2\/posts\/32141\/revisions"}],"wp:featuredmedia":[{"embeddable":true,"href":"https:\/\/www.elpolitologoyelpolitico.com.ar\/wordpress\/wp-json\/wp\/v2\/media\/32142"}],"wp:attachment":[{"href":"https:\/\/www.elpolitologoyelpolitico.com.ar\/wordpress\/wp-json\/wp\/v2\/media?parent=32141"}],"wp:term":[{"taxonomy":"category","embeddable":true,"href":"https:\/\/www.elpolitologoyelpolitico.com.ar\/wordpress\/wp-json\/wp\/v2\/categories?post=32141"},{"taxonomy":"post_tag","embeddable":true,"href":"https:\/\/www.elpolitologoyelpolitico.com.ar\/wordpress\/wp-json\/wp\/v2\/tags?post=32141"}],"curies":[{"name":"wp","href":"https:\/\/api.w.org\/{rel}","templated":true}]}}