{"id":32134,"date":"2023-07-01T02:54:33","date_gmt":"2023-07-01T02:54:33","guid":{"rendered":"https:\/\/www.elpolitologoyelpolitico.com.ar\/wordpress\/?p=32134"},"modified":"2023-07-01T02:54:34","modified_gmt":"2023-07-01T02:54:34","slug":"empleados-de-loteria-se-suman-a-la-campana-de-donacion-de-sangre","status":"publish","type":"post","link":"https:\/\/www.elpolitologoyelpolitico.com.ar\/wordpress\/2023\/07\/01\/empleados-de-loteria-se-suman-a-la-campana-de-donacion-de-sangre\/","title":{"rendered":"Empleados de Loter\u00eda se suman a la campa\u00f1a de donaci\u00f3n de sangre"},"content":{"rendered":"\n<p>En conmemoraci\u00f3n al D\u00eda Mundial del Donante de Sangre celebrado el pasado 14 de junio, empleados y empleadas de Loter\u00eda de R\u00edo Negro se sumaron a la campa\u00f1a de donaci\u00f3n impulsada por el Ministerio de Salud de la provincia.<\/p>\n\n\n\n<p>En esta ocasi\u00f3n, fueron 15 las y los empleados que recibieron la visita de profesionales de la salud que realizaron extracciones en las instalaciones.<\/p>\n\n\n\n<p>El interventor de Loter\u00eda de R\u00edo Negro, Jorge Manzo, destac\u00f3 la importancia de la responsabilidad social y la participaci\u00f3n activa en este tipo de convocatorias: \u00abpara nosotros, es fundamental que nuestra instituci\u00f3n y, especialmente, nuestros empleados sean conscientes de su rol social y participen activamente en iniciativas como esta\u00bb.<\/p>\n\n\n\n<p>El D\u00eda Mundial del Donante de Sangre brinda una oportunidad especial para celebrar y agradecer a los donantes voluntarios de todo el mundo por su contribuci\u00f3n.<\/p>\n\n\n\n<p>Adem\u00e1s, sirve como un llamado para tomar medidas que promuevan el acceso universal a las transfusiones de sangre seguras y fortalezcan el compromiso social de los donantes activos, asegurando as\u00ed un suministro seguro y sostenible de sangre y productos sangu\u00edneos para aquellos que lo necesiten.<\/p>\n\n\n\n<p>Loter\u00eda de R\u00edo Negro respalda la iniciativa del Ministerio de Salud, que destaca la importancia de donar regularmente para garantizar un suministro adecuado de sangre y productos sangu\u00edneos, disponibles en todo momento y lugar, para aquellos que requieran tratamiento m\u00e9dico.<\/p>\n<div class=\"fb-background-color\">\n\t\t\t  <div \n\t\t\t  \tclass = \"fb-comments\" \n\t\t\t  \tdata-href = \"https:\/\/www.elpolitologoyelpolitico.com.ar\/wordpress\/2023\/07\/01\/empleados-de-loteria-se-suman-a-la-campana-de-donacion-de-sangre\/\"\n\t\t\t  \tdata-numposts = \"10\"\n\t\t\t  \tdata-lazy = \"true\"\n\t\t\t\tdata-colorscheme = \"light\"\n\t\t\t\tdata-order-by = \"social\"\n\t\t\t\tdata-mobile=true>\n\t\t\t  <\/div><\/div>\n\t\t  <style>\n\t\t    .fb-background-color {\n\t\t\t\tbackground: #ffffff !important;\n\t\t\t}\n\t\t\t.fb_iframe_widget_fluid_desktop iframe {\n\t\t\t    width: 100% !important;\n\t\t\t}\n\t\t  <\/style>\n\t\t  ","protected":false},"excerpt":{"rendered":"<p>En conmemoraci\u00f3n al D\u00eda Mundial del Donante de Sangre celebrado el pasado 14 de junio, empleados y empleadas de Loter\u00eda de R\u00edo Negro se sumaron a la campa\u00f1a de donaci\u00f3n impulsada por el Ministerio de Salud de la provincia. En esta ocasi\u00f3n, fueron 15 las y los empleados que recibieron la visita de profesionales de [&hellip;]<\/p>\n","protected":false},"author":4,"featured_media":32135,"comment_status":"closed","ping_status":"closed","sticky":false,"template":"","format":"standard","meta":{"_joinchat":[],"footnotes":""},"categories":[4],"tags":[],"class_list":["post-32134","post","type-post","status-publish","format-standard","has-post-thumbnail","hentry","category-politicas-publicas"],"_links":{"self":[{"href":"https:\/\/www.elpolitologoyelpolitico.com.ar\/wordpress\/wp-json\/wp\/v2\/posts\/32134","targetHints":{"allow":["GET"]}}],"collection":[{"href":"https:\/\/www.elpolitologoyelpolitico.com.ar\/wordpress\/wp-json\/wp\/v2\/posts"}],"about":[{"href":"https:\/\/www.elpolitologoyelpolitico.com.ar\/wordpress\/wp-json\/wp\/v2\/types\/post"}],"author":[{"embeddable":true,"href":"https:\/\/www.elpolitologoyelpolitico.com.ar\/wordpress\/wp-json\/wp\/v2\/users\/4"}],"replies":[{"embeddable":true,"href":"https:\/\/www.elpolitologoyelpolitico.com.ar\/wordpress\/wp-json\/wp\/v2\/comments?post=32134"}],"version-history":[{"count":0,"href":"https:\/\/www.elpolitologoyelpolitico.com.ar\/wordpress\/wp-json\/wp\/v2\/posts\/32134\/revisions"}],"wp:featuredmedia":[{"embeddable":true,"href":"https:\/\/www.elpolitologoyelpolitico.com.ar\/wordpress\/wp-json\/wp\/v2\/media\/32135"}],"wp:attachment":[{"href":"https:\/\/www.elpolitologoyelpolitico.com.ar\/wordpress\/wp-json\/wp\/v2\/media?parent=32134"}],"wp:term":[{"taxonomy":"category","embeddable":true,"href":"https:\/\/www.elpolitologoyelpolitico.com.ar\/wordpress\/wp-json\/wp\/v2\/categories?post=32134"},{"taxonomy":"post_tag","embeddable":true,"href":"https:\/\/www.elpolitologoyelpolitico.com.ar\/wordpress\/wp-json\/wp\/v2\/tags?post=32134"}],"curies":[{"name":"wp","href":"https:\/\/api.w.org\/{rel}","templated":true}]}}