{"id":32126,"date":"2023-07-01T02:15:23","date_gmt":"2023-07-01T02:15:23","guid":{"rendered":"https:\/\/www.elpolitologoyelpolitico.com.ar\/wordpress\/?p=32126"},"modified":"2023-07-01T02:15:25","modified_gmt":"2023-07-01T02:15:25","slug":"patagones-dijo-presente-en-la-jornada-de-abordaje-de-la-zoonosis","status":"publish","type":"post","link":"https:\/\/www.elpolitologoyelpolitico.com.ar\/wordpress\/2023\/07\/01\/patagones-dijo-presente-en-la-jornada-de-abordaje-de-la-zoonosis\/","title":{"rendered":"Patagones dijo presente en la Jornada de abordaje de la Zoonosis"},"content":{"rendered":"\n<p>Este jueves, el equipo de Zoonosis, dependiente del \u00e1rea de Coordinaci\u00f3n de Programas Sanitarios, particip\u00f3 en Monte Hermoso de la jornada de Abordaje de las Zoonosis.<\/p>\n\n\n\n<p>La misma fue destinada a m\u00e9dicos, bioqu\u00edmicos, epidemiologos, veterinarios, personal de Zoonosis, de bromatolog\u00eda y tenencia responsable.<\/p>\n\n\n\n<p>Se abordaron temas relacionados a enfermedades como la triquinosis, chagas, hidatidosis, leptospirosis, rabia y dengue, todos dictados por especialistas.<\/p>\n\n\n\n<p>La jornada fue organizada por el municipio de Monte Hermoso y auspiciada por la Regi\u00f3n Sanitaria 1 y el Ministerio de Salud bonaerense.<\/p>\n\n\n\n<p>Al respecto, la coordinadora de Programas Sanitarios, Lic. Mabel Guzm\u00e1n, destac\u00f3 la participaci\u00f3n del equipo de Zoonosis de Patagones, a cargo del Med. Veterinario, Guillermo Beltr\u00e1n y la jefa de Programas, Gabriela Painequeo.<\/p>\n\n\n\n<p>\u00abFue una jornada intensa e interesante. Estamos participando siempre de las jornadas que propone el Ministerio de Salud, capacitandonos para ofrecer un mejor servicio a la comunidad\u00bb, subray\u00f3 Guzm\u00e1n.<\/p>\n\n\n\n<figure class=\"wp-block-gallery has-nested-images columns-default is-cropped wp-block-gallery-1 is-layout-flex wp-block-gallery-is-layout-flex\">\n<figure class=\"wp-block-image size-large\"><img fetchpriority=\"high\" decoding=\"async\" width=\"720\" height=\"324\" data-id=\"32128\" src=\"https:\/\/www.elpolitologoyelpolitico.com.ar\/wp-content\/uploads\/2023\/07\/IMG-20230630-WA0048.jpg\" alt=\"\" class=\"wp-image-32128\" srcset=\"https:\/\/www.elpolitologoyelpolitico.com.ar\/wp-content\/uploads\/2023\/07\/IMG-20230630-WA0048.jpg 720w, https:\/\/www.elpolitologoyelpolitico.com.ar\/wp-content\/uploads\/2023\/07\/IMG-20230630-WA0048-300x135.jpg 300w\" sizes=\"(max-width: 720px) 100vw, 720px\" \/><\/figure>\n\n\n\n<figure class=\"wp-block-image size-large\"><img decoding=\"async\" width=\"720\" height=\"324\" data-id=\"32129\" src=\"https:\/\/www.elpolitologoyelpolitico.com.ar\/wp-content\/uploads\/2023\/07\/IMG-20230630-WA0050.jpg\" alt=\"\" class=\"wp-image-32129\" srcset=\"https:\/\/www.elpolitologoyelpolitico.com.ar\/wp-content\/uploads\/2023\/07\/IMG-20230630-WA0050.jpg 720w, https:\/\/www.elpolitologoyelpolitico.com.ar\/wp-content\/uploads\/2023\/07\/IMG-20230630-WA0050-300x135.jpg 300w\" sizes=\"(max-width: 720px) 100vw, 720px\" \/><\/figure>\n<\/figure>\n<div class=\"fb-background-color\">\n\t\t\t  <div \n\t\t\t  \tclass = \"fb-comments\" \n\t\t\t  \tdata-href = \"https:\/\/www.elpolitologoyelpolitico.com.ar\/wordpress\/2023\/07\/01\/patagones-dijo-presente-en-la-jornada-de-abordaje-de-la-zoonosis\/\"\n\t\t\t  \tdata-numposts = \"10\"\n\t\t\t  \tdata-lazy = \"true\"\n\t\t\t\tdata-colorscheme = \"light\"\n\t\t\t\tdata-order-by = \"social\"\n\t\t\t\tdata-mobile=true>\n\t\t\t  <\/div><\/div>\n\t\t  <style>\n\t\t    .fb-background-color {\n\t\t\t\tbackground: #ffffff !important;\n\t\t\t}\n\t\t\t.fb_iframe_widget_fluid_desktop iframe {\n\t\t\t    width: 100% !important;\n\t\t\t}\n\t\t  <\/style>\n\t\t  ","protected":false},"excerpt":{"rendered":"<p>Este jueves, el equipo de Zoonosis, dependiente del \u00e1rea de Coordinaci\u00f3n de Programas Sanitarios, particip\u00f3 en Monte Hermoso de la jornada de Abordaje de las Zoonosis. La misma fue destinada a m\u00e9dicos, bioqu\u00edmicos, epidemiologos, veterinarios, personal de Zoonosis, de bromatolog\u00eda y tenencia responsable. Se abordaron temas relacionados a enfermedades como la triquinosis, chagas, hidatidosis, leptospirosis, [&hellip;]<\/p>\n","protected":false},"author":4,"featured_media":32127,"comment_status":"closed","ping_status":"closed","sticky":false,"template":"","format":"standard","meta":{"_joinchat":[],"footnotes":""},"categories":[4],"tags":[],"class_list":["post-32126","post","type-post","status-publish","format-standard","has-post-thumbnail","hentry","category-politicas-publicas"],"_links":{"self":[{"href":"https:\/\/www.elpolitologoyelpolitico.com.ar\/wordpress\/wp-json\/wp\/v2\/posts\/32126","targetHints":{"allow":["GET"]}}],"collection":[{"href":"https:\/\/www.elpolitologoyelpolitico.com.ar\/wordpress\/wp-json\/wp\/v2\/posts"}],"about":[{"href":"https:\/\/www.elpolitologoyelpolitico.com.ar\/wordpress\/wp-json\/wp\/v2\/types\/post"}],"author":[{"embeddable":true,"href":"https:\/\/www.elpolitologoyelpolitico.com.ar\/wordpress\/wp-json\/wp\/v2\/users\/4"}],"replies":[{"embeddable":true,"href":"https:\/\/www.elpolitologoyelpolitico.com.ar\/wordpress\/wp-json\/wp\/v2\/comments?post=32126"}],"version-history":[{"count":0,"href":"https:\/\/www.elpolitologoyelpolitico.com.ar\/wordpress\/wp-json\/wp\/v2\/posts\/32126\/revisions"}],"wp:featuredmedia":[{"embeddable":true,"href":"https:\/\/www.elpolitologoyelpolitico.com.ar\/wordpress\/wp-json\/wp\/v2\/media\/32127"}],"wp:attachment":[{"href":"https:\/\/www.elpolitologoyelpolitico.com.ar\/wordpress\/wp-json\/wp\/v2\/media?parent=32126"}],"wp:term":[{"taxonomy":"category","embeddable":true,"href":"https:\/\/www.elpolitologoyelpolitico.com.ar\/wordpress\/wp-json\/wp\/v2\/categories?post=32126"},{"taxonomy":"post_tag","embeddable":true,"href":"https:\/\/www.elpolitologoyelpolitico.com.ar\/wordpress\/wp-json\/wp\/v2\/tags?post=32126"}],"curies":[{"name":"wp","href":"https:\/\/api.w.org\/{rel}","templated":true}]}}