{"id":32123,"date":"2023-07-01T01:56:54","date_gmt":"2023-07-01T01:56:54","guid":{"rendered":"https:\/\/www.elpolitologoyelpolitico.com.ar\/wordpress\/?p=32123"},"modified":"2023-07-01T01:56:56","modified_gmt":"2023-07-01T01:56:56","slug":"viedma-productores-de-idevi-recorrieron-las-obras-en-el-canal-principal","status":"publish","type":"post","link":"https:\/\/www.elpolitologoyelpolitico.com.ar\/wordpress\/2023\/07\/01\/viedma-productores-de-idevi-recorrieron-las-obras-en-el-canal-principal\/","title":{"rendered":"Viedma: productores de IDEVI recorrieron las obras en el Canal Principal"},"content":{"rendered":"\n<p>En el marco del programa GIRSAR (Gesti\u00f3n Integral de los Riesgos en el Sistema Agroindustrial Rural), los productores que integran el consejo de administraci\u00f3n del IDEVI en conjunto con autoridades y t\u00e9cnicos del Instituto recorrieron las obras que se est\u00e1n realizando en el canal principal de Viedma.<\/p>\n\n\n\n<p>Las obras comenzaron hace aproximadamente un mes y consisten en el recrecimiento, limpieza y ensanchamiento de las banquinas de 4 km del canal principal, e incluye tareas de perfilado y acondicionamiento de taludes.<\/p>\n\n\n\n<p>La inversi\u00f3n estimada para este componente es de 160 millones de pesos y representa el 18% del total de las obras comprometidas. Los otros componentes son la impermeabilizaci\u00f3n de 4 km del canal principal a fin de evitar posibles roturas y la modernizaci\u00f3n y cambio de compuertas de la bocatoma del sistema troncal de riego.<\/p>\n\n\n\n<p>La ejecuci\u00f3n de las obras permitir\u00e1 garantizar los caudales actuales de riego y posibilitaran el crecimiento de la superficie productiva del Valle de Viedma.<\/p>\n\n\n\n<p>Cabe destacar que hace m\u00e1s de 30 a\u00f1os que no se realizan obras de esta envergadura, por lo cual es imprescindible el acceso a este tipo de programas p\u00fablicos de financiamiento a fin de asegurar el crecimiento de la actividad productiva en la regi\u00f3n.<\/p>\n<div class=\"fb-background-color\">\n\t\t\t  <div \n\t\t\t  \tclass = \"fb-comments\" \n\t\t\t  \tdata-href = \"https:\/\/www.elpolitologoyelpolitico.com.ar\/wordpress\/2023\/07\/01\/viedma-productores-de-idevi-recorrieron-las-obras-en-el-canal-principal\/\"\n\t\t\t  \tdata-numposts = \"10\"\n\t\t\t  \tdata-lazy = \"true\"\n\t\t\t\tdata-colorscheme = \"light\"\n\t\t\t\tdata-order-by = \"social\"\n\t\t\t\tdata-mobile=true>\n\t\t\t  <\/div><\/div>\n\t\t  <style>\n\t\t    .fb-background-color {\n\t\t\t\tbackground: #ffffff !important;\n\t\t\t}\n\t\t\t.fb_iframe_widget_fluid_desktop iframe {\n\t\t\t    width: 100% !important;\n\t\t\t}\n\t\t  <\/style>\n\t\t  ","protected":false},"excerpt":{"rendered":"<p>En el marco del programa GIRSAR (Gesti\u00f3n Integral de los Riesgos en el Sistema Agroindustrial Rural), los productores que integran el consejo de administraci\u00f3n del IDEVI en conjunto con autoridades y t\u00e9cnicos del Instituto recorrieron las obras que se est\u00e1n realizando en el canal principal de Viedma. Las obras comenzaron hace aproximadamente un mes y [&hellip;]<\/p>\n","protected":false},"author":4,"featured_media":32124,"comment_status":"closed","ping_status":"closed","sticky":false,"template":"","format":"standard","meta":{"_joinchat":[],"footnotes":""},"categories":[4],"tags":[],"class_list":["post-32123","post","type-post","status-publish","format-standard","has-post-thumbnail","hentry","category-politicas-publicas"],"_links":{"self":[{"href":"https:\/\/www.elpolitologoyelpolitico.com.ar\/wordpress\/wp-json\/wp\/v2\/posts\/32123","targetHints":{"allow":["GET"]}}],"collection":[{"href":"https:\/\/www.elpolitologoyelpolitico.com.ar\/wordpress\/wp-json\/wp\/v2\/posts"}],"about":[{"href":"https:\/\/www.elpolitologoyelpolitico.com.ar\/wordpress\/wp-json\/wp\/v2\/types\/post"}],"author":[{"embeddable":true,"href":"https:\/\/www.elpolitologoyelpolitico.com.ar\/wordpress\/wp-json\/wp\/v2\/users\/4"}],"replies":[{"embeddable":true,"href":"https:\/\/www.elpolitologoyelpolitico.com.ar\/wordpress\/wp-json\/wp\/v2\/comments?post=32123"}],"version-history":[{"count":0,"href":"https:\/\/www.elpolitologoyelpolitico.com.ar\/wordpress\/wp-json\/wp\/v2\/posts\/32123\/revisions"}],"wp:featuredmedia":[{"embeddable":true,"href":"https:\/\/www.elpolitologoyelpolitico.com.ar\/wordpress\/wp-json\/wp\/v2\/media\/32124"}],"wp:attachment":[{"href":"https:\/\/www.elpolitologoyelpolitico.com.ar\/wordpress\/wp-json\/wp\/v2\/media?parent=32123"}],"wp:term":[{"taxonomy":"category","embeddable":true,"href":"https:\/\/www.elpolitologoyelpolitico.com.ar\/wordpress\/wp-json\/wp\/v2\/categories?post=32123"},{"taxonomy":"post_tag","embeddable":true,"href":"https:\/\/www.elpolitologoyelpolitico.com.ar\/wordpress\/wp-json\/wp\/v2\/tags?post=32123"}],"curies":[{"name":"wp","href":"https:\/\/api.w.org\/{rel}","templated":true}]}}