{"id":32120,"date":"2023-07-01T01:38:05","date_gmt":"2023-07-01T01:38:05","guid":{"rendered":"https:\/\/www.elpolitologoyelpolitico.com.ar\/wordpress\/?p=32120"},"modified":"2023-07-01T01:38:07","modified_gmt":"2023-07-01T01:38:07","slug":"inspectores-del-ministerio-de-transporte-de-la-nacion-supervisaron-avances-en-obras","status":"publish","type":"post","link":"https:\/\/www.elpolitologoyelpolitico.com.ar\/wordpress\/2023\/07\/01\/inspectores-del-ministerio-de-transporte-de-la-nacion-supervisaron-avances-en-obras\/","title":{"rendered":"Inspectores del Ministerio de Transporte de la Naci\u00f3n supervisaron avances en obras"},"content":{"rendered":"\n<p>El intendente Pedro Pesatti recibi\u00f3 la visita de autoridades del Ministerio de Transporte de la Naci\u00f3n, quienes realizaron una inspecci\u00f3n de las obras en curso que cuentan con financiamiento nacional.<\/p>\n\n\n\n<p>Durante la jornada, se recorri\u00f3 la Terminal de \u00d3mnibus, cuya construcci\u00f3n est\u00e1 siendo financiada por el Ministerio de Transporte. La obra se encuentra en un estado avanzado, aproximadamente en un 50 por ciento.<\/p>\n\n\n\n<p>De la recorrida particip\u00f3 el inspector Jorge Romero, quien asegur\u00f3 que se trata de \u00abun proyecto que generar\u00e1 grandes beneficios para la ciudad\u00bb.<\/p>\n\n\n\n<p>Asimismo, se visitaron las zonas destinadas a las nuevas redes de v\u00edas seguras, bicisendas y ciclov\u00edas.<br>Seg\u00fan el inspector, estas obras cuentan con un grado de avance del 65 por ciento y \u00abhan sido bien recibidas por la comunidad y se encuentran en condiciones favorables\u00bb.<\/p>\n\n\n\n<p>\u00abAunque a\u00fan restan algunos detalles propios del equipamiento, se observa un progreso notable\u00bb, dijo.<\/p>\n\n\n\n<p>Acompa\u00f1aron a Romero otros dos inspectores: Elizabeth Naccarato y Cristian Ariosti; junto al secretario de Desarrollo Territorial, H\u00e1bitat y Obras P\u00fablicas Gast\u00f3n Renda y el subsecretario de Obras P\u00fablicas Juan Zaragoza.<\/p>\n\n\n\n<p>En cuanto a los pr\u00f3ximos pasos, se inform\u00f3 que se est\u00e1 llevando a cabo la revisi\u00f3n e inspecci\u00f3n de las obras para determinar los desembolsos necesarios y as\u00ed finalizar los trabajos pendientes en el municipio.<\/p>\n\n\n\n<p>Adem\u00e1s, se est\u00e1 gestionando la posibilidad de que el Ministerio de Transporte realice una visita y agenda ministerial para evaluar las obras en curso no solo en Viedma y la provincia de R\u00edo Negro, sino en todo el pa\u00eds.<\/p>\n<div class=\"fb-background-color\">\n\t\t\t  <div \n\t\t\t  \tclass = \"fb-comments\" \n\t\t\t  \tdata-href = \"https:\/\/www.elpolitologoyelpolitico.com.ar\/wordpress\/2023\/07\/01\/inspectores-del-ministerio-de-transporte-de-la-nacion-supervisaron-avances-en-obras\/\"\n\t\t\t  \tdata-numposts = \"10\"\n\t\t\t  \tdata-lazy = \"true\"\n\t\t\t\tdata-colorscheme = \"light\"\n\t\t\t\tdata-order-by = \"social\"\n\t\t\t\tdata-mobile=true>\n\t\t\t  <\/div><\/div>\n\t\t  <style>\n\t\t    .fb-background-color {\n\t\t\t\tbackground: #ffffff !important;\n\t\t\t}\n\t\t\t.fb_iframe_widget_fluid_desktop iframe {\n\t\t\t    width: 100% !important;\n\t\t\t}\n\t\t  <\/style>\n\t\t  ","protected":false},"excerpt":{"rendered":"<p>El intendente Pedro Pesatti recibi\u00f3 la visita de autoridades del Ministerio de Transporte de la Naci\u00f3n, quienes realizaron una inspecci\u00f3n de las obras en curso que cuentan con financiamiento nacional. Durante la jornada, se recorri\u00f3 la Terminal de \u00d3mnibus, cuya construcci\u00f3n est\u00e1 siendo financiada por el Ministerio de Transporte. La obra se encuentra en un [&hellip;]<\/p>\n","protected":false},"author":4,"featured_media":32121,"comment_status":"closed","ping_status":"closed","sticky":false,"template":"","format":"standard","meta":{"_joinchat":[],"footnotes":""},"categories":[4],"tags":[],"class_list":["post-32120","post","type-post","status-publish","format-standard","has-post-thumbnail","hentry","category-politicas-publicas"],"_links":{"self":[{"href":"https:\/\/www.elpolitologoyelpolitico.com.ar\/wordpress\/wp-json\/wp\/v2\/posts\/32120","targetHints":{"allow":["GET"]}}],"collection":[{"href":"https:\/\/www.elpolitologoyelpolitico.com.ar\/wordpress\/wp-json\/wp\/v2\/posts"}],"about":[{"href":"https:\/\/www.elpolitologoyelpolitico.com.ar\/wordpress\/wp-json\/wp\/v2\/types\/post"}],"author":[{"embeddable":true,"href":"https:\/\/www.elpolitologoyelpolitico.com.ar\/wordpress\/wp-json\/wp\/v2\/users\/4"}],"replies":[{"embeddable":true,"href":"https:\/\/www.elpolitologoyelpolitico.com.ar\/wordpress\/wp-json\/wp\/v2\/comments?post=32120"}],"version-history":[{"count":0,"href":"https:\/\/www.elpolitologoyelpolitico.com.ar\/wordpress\/wp-json\/wp\/v2\/posts\/32120\/revisions"}],"wp:featuredmedia":[{"embeddable":true,"href":"https:\/\/www.elpolitologoyelpolitico.com.ar\/wordpress\/wp-json\/wp\/v2\/media\/32121"}],"wp:attachment":[{"href":"https:\/\/www.elpolitologoyelpolitico.com.ar\/wordpress\/wp-json\/wp\/v2\/media?parent=32120"}],"wp:term":[{"taxonomy":"category","embeddable":true,"href":"https:\/\/www.elpolitologoyelpolitico.com.ar\/wordpress\/wp-json\/wp\/v2\/categories?post=32120"},{"taxonomy":"post_tag","embeddable":true,"href":"https:\/\/www.elpolitologoyelpolitico.com.ar\/wordpress\/wp-json\/wp\/v2\/tags?post=32120"}],"curies":[{"name":"wp","href":"https:\/\/api.w.org\/{rel}","templated":true}]}}