{"id":32090,"date":"2023-06-30T01:15:34","date_gmt":"2023-06-30T01:15:34","guid":{"rendered":"https:\/\/www.elpolitologoyelpolitico.com.ar\/wordpress\/?p=32090"},"modified":"2023-06-30T01:15:36","modified_gmt":"2023-06-30T01:15:36","slug":"viedma-integra-el-comite-consultivo-latinoamericano-para-la-gestion-de-residuos","status":"publish","type":"post","link":"https:\/\/www.elpolitologoyelpolitico.com.ar\/wordpress\/2023\/06\/30\/viedma-integra-el-comite-consultivo-latinoamericano-para-la-gestion-de-residuos\/","title":{"rendered":"Viedma integra el Comit\u00e9 Consultivo Latinoamericano para la gesti\u00f3n de residuos."},"content":{"rendered":"\n<p>Dentro de la participaci\u00f3n del GIRSU Patag\u00f3nico como proyecto modelo argentino de gesti\u00f3n de residuos, seleccionado por el Banco Interamericano de Desarrollo (BID), Gast\u00f3n Guti\u00e9rrez integra el Comit\u00e9 Consultivo junto a empresas p\u00fablicas de Colombia, Ecuador, Brasil y M\u00e9xico.<\/p>\n\n\n\n<p>Dicho Comit\u00e9 desarrolla dos intensas jornadas de trabajo en las oficinas del BID en la Ciudad de Buenos Aires, con el prop\u00f3sito de elaborar la Herramienta de Autoevaluaci\u00f3n GIRSU Rating para nuevos proyectos de gesti\u00f3n integral de residuos y operadores de servicios p\u00fablicos, para toda Am\u00e9rica Latina y el Caribe.<\/p>\n\n\n\n<p>Como se confirm\u00f3 en estos d\u00edas por la exposici\u00f3n de la experiencia local como modelo a seguir en materia de gesti\u00f3n residuos, cuidado del ambiente e inclusi\u00f3n social, la integraci\u00f3n de este Comit\u00e9 Consultivo jerarquiza y legitima las pol\u00edticas ambientales del Gobierno de Viedma destac\u00e1ndolo en el escenario internacional.<\/p>\n\n\n\n<figure class=\"wp-block-image size-large\"><img fetchpriority=\"high\" decoding=\"async\" width=\"1024\" height=\"768\" src=\"https:\/\/www.elpolitologoyelpolitico.com.ar\/wp-content\/uploads\/2023\/06\/IMG-20230629-WA0038-1024x768.jpg\" alt=\"\" class=\"wp-image-32092\" srcset=\"https:\/\/www.elpolitologoyelpolitico.com.ar\/wp-content\/uploads\/2023\/06\/IMG-20230629-WA0038-1024x768.jpg 1024w, https:\/\/www.elpolitologoyelpolitico.com.ar\/wp-content\/uploads\/2023\/06\/IMG-20230629-WA0038-300x225.jpg 300w, https:\/\/www.elpolitologoyelpolitico.com.ar\/wp-content\/uploads\/2023\/06\/IMG-20230629-WA0038-768x576.jpg 768w, https:\/\/www.elpolitologoyelpolitico.com.ar\/wp-content\/uploads\/2023\/06\/IMG-20230629-WA0038-1536x1152.jpg 1536w, https:\/\/www.elpolitologoyelpolitico.com.ar\/wp-content\/uploads\/2023\/06\/IMG-20230629-WA0038.jpg 1600w\" sizes=\"(max-width: 1024px) 100vw, 1024px\" \/><\/figure>\n<div class=\"fb-background-color\">\n\t\t\t  <div \n\t\t\t  \tclass = \"fb-comments\" \n\t\t\t  \tdata-href = \"https:\/\/www.elpolitologoyelpolitico.com.ar\/wordpress\/2023\/06\/30\/viedma-integra-el-comite-consultivo-latinoamericano-para-la-gestion-de-residuos\/\"\n\t\t\t  \tdata-numposts = \"10\"\n\t\t\t  \tdata-lazy = \"true\"\n\t\t\t\tdata-colorscheme = \"light\"\n\t\t\t\tdata-order-by = \"social\"\n\t\t\t\tdata-mobile=true>\n\t\t\t  <\/div><\/div>\n\t\t  <style>\n\t\t    .fb-background-color {\n\t\t\t\tbackground: #ffffff !important;\n\t\t\t}\n\t\t\t.fb_iframe_widget_fluid_desktop iframe {\n\t\t\t    width: 100% !important;\n\t\t\t}\n\t\t  <\/style>\n\t\t  ","protected":false},"excerpt":{"rendered":"<p>Dentro de la participaci\u00f3n del GIRSU Patag\u00f3nico como proyecto modelo argentino de gesti\u00f3n de residuos, seleccionado por el Banco Interamericano de Desarrollo (BID), Gast\u00f3n Guti\u00e9rrez integra el Comit\u00e9 Consultivo junto a empresas p\u00fablicas de Colombia, Ecuador, Brasil y M\u00e9xico. Dicho Comit\u00e9 desarrolla dos intensas jornadas de trabajo en las oficinas del BID en la Ciudad [&hellip;]<\/p>\n","protected":false},"author":4,"featured_media":32091,"comment_status":"closed","ping_status":"closed","sticky":false,"template":"","format":"standard","meta":{"_joinchat":[],"footnotes":""},"categories":[4],"tags":[],"class_list":["post-32090","post","type-post","status-publish","format-standard","has-post-thumbnail","hentry","category-politicas-publicas"],"_links":{"self":[{"href":"https:\/\/www.elpolitologoyelpolitico.com.ar\/wordpress\/wp-json\/wp\/v2\/posts\/32090","targetHints":{"allow":["GET"]}}],"collection":[{"href":"https:\/\/www.elpolitologoyelpolitico.com.ar\/wordpress\/wp-json\/wp\/v2\/posts"}],"about":[{"href":"https:\/\/www.elpolitologoyelpolitico.com.ar\/wordpress\/wp-json\/wp\/v2\/types\/post"}],"author":[{"embeddable":true,"href":"https:\/\/www.elpolitologoyelpolitico.com.ar\/wordpress\/wp-json\/wp\/v2\/users\/4"}],"replies":[{"embeddable":true,"href":"https:\/\/www.elpolitologoyelpolitico.com.ar\/wordpress\/wp-json\/wp\/v2\/comments?post=32090"}],"version-history":[{"count":0,"href":"https:\/\/www.elpolitologoyelpolitico.com.ar\/wordpress\/wp-json\/wp\/v2\/posts\/32090\/revisions"}],"wp:featuredmedia":[{"embeddable":true,"href":"https:\/\/www.elpolitologoyelpolitico.com.ar\/wordpress\/wp-json\/wp\/v2\/media\/32091"}],"wp:attachment":[{"href":"https:\/\/www.elpolitologoyelpolitico.com.ar\/wordpress\/wp-json\/wp\/v2\/media?parent=32090"}],"wp:term":[{"taxonomy":"category","embeddable":true,"href":"https:\/\/www.elpolitologoyelpolitico.com.ar\/wordpress\/wp-json\/wp\/v2\/categories?post=32090"},{"taxonomy":"post_tag","embeddable":true,"href":"https:\/\/www.elpolitologoyelpolitico.com.ar\/wordpress\/wp-json\/wp\/v2\/tags?post=32090"}],"curies":[{"name":"wp","href":"https:\/\/api.w.org\/{rel}","templated":true}]}}