{"id":32087,"date":"2023-06-30T00:55:23","date_gmt":"2023-06-30T00:55:23","guid":{"rendered":"https:\/\/www.elpolitologoyelpolitico.com.ar\/wordpress\/?p=32087"},"modified":"2023-06-30T00:55:24","modified_gmt":"2023-06-30T00:55:24","slug":"se-pone-en-marcha-una-nueva-edicion-de-los-talleres-de-ciclomecanica","status":"publish","type":"post","link":"https:\/\/www.elpolitologoyelpolitico.com.ar\/wordpress\/2023\/06\/30\/se-pone-en-marcha-una-nueva-edicion-de-los-talleres-de-ciclomecanica\/","title":{"rendered":"Se pone en marcha una nueva edici\u00f3n de los talleres de Ciclomec\u00e1nica"},"content":{"rendered":"\n<p>Chicos y chicas de Viedma y Bariloche ya est\u00e1n reparando bicicletas que se encontraban en desuso y que podr\u00e1n qued\u00e1rselas una vez que est\u00e9n totalmente reacondicionadas.<\/p>\n\n\n\n<p>Esta tarea se enmarca en el Taller de Ciclomec\u00e1nica que en sus distintas ediciones le dio la posibilidad a los y las j\u00f3venes de aprender un oficio y contar con un medio de movilidad ecol\u00f3gico y econ\u00f3mico como es la bicicleta.<\/p>\n\n\n\n<p>La iniciativa parte de la Subsecretar\u00eda de Prevenci\u00f3n del Delito y Participaci\u00f3n Comunitaria del Ministerio de Seguridad y Justicia que a trav\u00e9s de la Ley 5388 de compactaci\u00f3n y descontaminaci\u00f3n, dispone de estos rodados que estaban en diferentes dep\u00f3sitos judiciales de la provincia.<\/p>\n\n\n\n<p>El mes que viene, el taller tambi\u00e9n se iniciar\u00e1 en Cipolletti donde, al igual que en las ciudades mencionadas, tuvo grandes resultados en sus ediciones anteriores, lo cual se vio reflejado en los y las participantes que se llevaron cada uno una bicicleta convertida a nueva gracias a su esfuerzo y trabajo.<\/p>\n\n\n\n<p>El Taller de Ciclomec\u00e1nica forma parte de una serie de dispositivos socio laborales, educativos, culturales, deportivos y productivos como son los de Rugby y Derechos Sociales, Huertas Comunitarias, talleres de Durlock, Reparaci\u00f3n de Smartphones, Panader\u00eda, Prosumidoras, Carpinter\u00eda, Soldadura y F\u00fatbol, entre otros que se llevan a cabo en las delegaciones de Viedma, Lamarque, General Roca, Cipolletti y Bariloche.<\/p>\n\n\n\n<p>El subsecretario de Prevenci\u00f3n del Delito y Participaci\u00f3n Comunitaria, Franco Consiglio, se\u00f1al\u00f3 que estas iniciativas tienden a la inclusi\u00f3n y constituyen un fin y un medio para el acompa\u00f1amiento integral de los j\u00f3venes.<\/p>\n\n\n\n<p>\u00abNuestros equipos t\u00e9cnicos cuentan con herramientas pedag\u00f3gicas para trabajar sobre las trayectorias de los j\u00f3venes, sus problem\u00e1ticas, el proyecto de vida, y son los responsables de generar articulaciones con otros actores gubernamentales y de la sociedad civil, para posibilitar un acompa\u00f1amiento m\u00e1s integral\u00bb, indic\u00f3.<\/p>\n\n\n\n<p>En ese sentido remarc\u00f3 que es fundamental el trabajo inter y multiagencial junto a otros organismos como Salud, Educaci\u00f3n, Trabajo, Desarrollo Humano, Cultura y Deporte y SENAF.<\/p>\n\n\n\n<p>\u00abActualmente, se est\u00e1n desarrollando diversas propuestas en todo la provincia como el taller Ciclomec\u00e1nica en Viedma, Bariloche, y pr\u00f3ximamente en Cipolletti; Panader\u00eda en Lamarque; apoyo a las trayectorias escolares en Viedma, Prevenci\u00f3n e Inteligencia Emocional en Roca, y recientemente finaliz\u00f3 otro taller con la entrega de estufas solidarias en la misma ciudad. A su vez est\u00e1n pronto a comenzar otros dispositivos en las distintas delegaciones,&nbsp; Carpinter\u00eda, Cer\u00e1mica, Durlock, Panaderia, Cosiendo Derechos y Mediarte, entre otros, siempre con la inclusi\u00f3n como objetivo y brindando la oportunidad a los chicos de aprender oficios, deportes y distintas tareas\u00bb, coment\u00f3 el funcionario.<\/p>\n<div class=\"fb-background-color\">\n\t\t\t  <div \n\t\t\t  \tclass = \"fb-comments\" \n\t\t\t  \tdata-href = \"https:\/\/www.elpolitologoyelpolitico.com.ar\/wordpress\/2023\/06\/30\/se-pone-en-marcha-una-nueva-edicion-de-los-talleres-de-ciclomecanica\/\"\n\t\t\t  \tdata-numposts = \"10\"\n\t\t\t  \tdata-lazy = \"true\"\n\t\t\t\tdata-colorscheme = \"light\"\n\t\t\t\tdata-order-by = \"social\"\n\t\t\t\tdata-mobile=true>\n\t\t\t  <\/div><\/div>\n\t\t  <style>\n\t\t    .fb-background-color {\n\t\t\t\tbackground: #ffffff !important;\n\t\t\t}\n\t\t\t.fb_iframe_widget_fluid_desktop iframe {\n\t\t\t    width: 100% !important;\n\t\t\t}\n\t\t  <\/style>\n\t\t  ","protected":false},"excerpt":{"rendered":"<p>Chicos y chicas de Viedma y Bariloche ya est\u00e1n reparando bicicletas que se encontraban en desuso y que podr\u00e1n qued\u00e1rselas una vez que est\u00e9n totalmente reacondicionadas. Esta tarea se enmarca en el Taller de Ciclomec\u00e1nica que en sus distintas ediciones le dio la posibilidad a los y las j\u00f3venes de aprender un oficio y contar [&hellip;]<\/p>\n","protected":false},"author":4,"featured_media":32088,"comment_status":"closed","ping_status":"closed","sticky":false,"template":"","format":"standard","meta":{"_joinchat":[],"footnotes":""},"categories":[4],"tags":[],"class_list":["post-32087","post","type-post","status-publish","format-standard","has-post-thumbnail","hentry","category-politicas-publicas"],"_links":{"self":[{"href":"https:\/\/www.elpolitologoyelpolitico.com.ar\/wordpress\/wp-json\/wp\/v2\/posts\/32087","targetHints":{"allow":["GET"]}}],"collection":[{"href":"https:\/\/www.elpolitologoyelpolitico.com.ar\/wordpress\/wp-json\/wp\/v2\/posts"}],"about":[{"href":"https:\/\/www.elpolitologoyelpolitico.com.ar\/wordpress\/wp-json\/wp\/v2\/types\/post"}],"author":[{"embeddable":true,"href":"https:\/\/www.elpolitologoyelpolitico.com.ar\/wordpress\/wp-json\/wp\/v2\/users\/4"}],"replies":[{"embeddable":true,"href":"https:\/\/www.elpolitologoyelpolitico.com.ar\/wordpress\/wp-json\/wp\/v2\/comments?post=32087"}],"version-history":[{"count":0,"href":"https:\/\/www.elpolitologoyelpolitico.com.ar\/wordpress\/wp-json\/wp\/v2\/posts\/32087\/revisions"}],"wp:featuredmedia":[{"embeddable":true,"href":"https:\/\/www.elpolitologoyelpolitico.com.ar\/wordpress\/wp-json\/wp\/v2\/media\/32088"}],"wp:attachment":[{"href":"https:\/\/www.elpolitologoyelpolitico.com.ar\/wordpress\/wp-json\/wp\/v2\/media?parent=32087"}],"wp:term":[{"taxonomy":"category","embeddable":true,"href":"https:\/\/www.elpolitologoyelpolitico.com.ar\/wordpress\/wp-json\/wp\/v2\/categories?post=32087"},{"taxonomy":"post_tag","embeddable":true,"href":"https:\/\/www.elpolitologoyelpolitico.com.ar\/wordpress\/wp-json\/wp\/v2\/tags?post=32087"}],"curies":[{"name":"wp","href":"https:\/\/api.w.org\/{rel}","templated":true}]}}