{"id":32064,"date":"2023-06-29T18:22:43","date_gmt":"2023-06-29T18:22:43","guid":{"rendered":"https:\/\/www.elpolitologoyelpolitico.com.ar\/wordpress\/?p=32064"},"modified":"2023-06-29T18:22:44","modified_gmt":"2023-06-29T18:22:44","slug":"la-concejal-electa-de-milei-en-viedma-ivi-silvina-franco-acompano-al-precandidato-a-intendente-de-patagones-lucas-becker","status":"publish","type":"post","link":"https:\/\/www.elpolitologoyelpolitico.com.ar\/wordpress\/2023\/06\/29\/la-concejal-electa-de-milei-en-viedma-ivi-silvina-franco-acompano-al-precandidato-a-intendente-de-patagones-lucas-becker\/","title":{"rendered":"La Concejal electa de Milei en Viedma Ivi Silvina Franco acompa\u00f1o al Precandidato a Intendente de Patagones Lucas Becker"},"content":{"rendered":"\n<p>En Viedma las elecciones fueron el 16 de abril. La fuerza politica que representa a Milei en Viedma \u00abPrimero R\u00edo Negro\u00bb logr\u00f3 obtener una banca en el Concejo Deliberante que estar\u00e1 representada por Ivi Silvina Franco.<\/p>\n\n\n\n<p>En Patagones, las elecciones ser\u00e1n en el mes de agosto y Lucas Becker ser\u00e1 el Precandidato a Intendente por la fuerza de Milei.<\/p>\n\n\n\n<p>Este miercoles a la noche, hubo un encuentro en Stroeder y se presentaron a los candidatos que conforman la lista de Milei en Patagones.<\/p>\n\n\n\n<p>El Precandidato a Intendente Lucas Becker expres\u00f3 <em>\u00abLa gente est\u00e1 cansada y quiere un cambio en Patagones<\/em> \u00ab<\/p>\n\n\n\n<p>Agreg\u00f3 <em>\u00abVamos a apuntar a las Pol\u00edticas de Salud, trabajo y Seguridad para lograr una transformaci\u00f3n en Patagones\u00bb<\/em><\/p>\n\n\n\n<p>Adem\u00e1s, de los candidatos de Patagones, la Concejal electa de Viedma Ivi Silvina Franco estuvo acompa\u00f1ando y apoyando a los integrantes que representan a Milei en el Partido de Patagones<\/p>\n\n\n\n<figure class=\"wp-block-gallery has-nested-images columns-default is-cropped wp-block-gallery-1 is-layout-flex wp-block-gallery-is-layout-flex\">\n<figure class=\"wp-block-image size-large\"><img fetchpriority=\"high\" decoding=\"async\" width=\"1024\" height=\"768\" data-id=\"32066\" src=\"https:\/\/www.elpolitologoyelpolitico.com.ar\/wp-content\/uploads\/2023\/06\/IMG-20230629-WA0029-1024x768.jpg\" alt=\"\" class=\"wp-image-32066\" srcset=\"https:\/\/www.elpolitologoyelpolitico.com.ar\/wp-content\/uploads\/2023\/06\/IMG-20230629-WA0029-1024x768.jpg 1024w, https:\/\/www.elpolitologoyelpolitico.com.ar\/wp-content\/uploads\/2023\/06\/IMG-20230629-WA0029-300x225.jpg 300w, https:\/\/www.elpolitologoyelpolitico.com.ar\/wp-content\/uploads\/2023\/06\/IMG-20230629-WA0029-768x576.jpg 768w, https:\/\/www.elpolitologoyelpolitico.com.ar\/wp-content\/uploads\/2023\/06\/IMG-20230629-WA0029.jpg 1280w\" sizes=\"(max-width: 1024px) 100vw, 1024px\" \/><\/figure>\n<\/figure>\n<div class=\"fb-background-color\">\n\t\t\t  <div \n\t\t\t  \tclass = \"fb-comments\" \n\t\t\t  \tdata-href = \"https:\/\/www.elpolitologoyelpolitico.com.ar\/wordpress\/2023\/06\/29\/la-concejal-electa-de-milei-en-viedma-ivi-silvina-franco-acompano-al-precandidato-a-intendente-de-patagones-lucas-becker\/\"\n\t\t\t  \tdata-numposts = \"10\"\n\t\t\t  \tdata-lazy = \"true\"\n\t\t\t\tdata-colorscheme = \"light\"\n\t\t\t\tdata-order-by = \"social\"\n\t\t\t\tdata-mobile=true>\n\t\t\t  <\/div><\/div>\n\t\t  <style>\n\t\t    .fb-background-color {\n\t\t\t\tbackground: #ffffff !important;\n\t\t\t}\n\t\t\t.fb_iframe_widget_fluid_desktop iframe {\n\t\t\t    width: 100% !important;\n\t\t\t}\n\t\t  <\/style>\n\t\t  ","protected":false},"excerpt":{"rendered":"<p>En Viedma las elecciones fueron el 16 de abril. La fuerza politica que representa a Milei en Viedma \u00abPrimero R\u00edo Negro\u00bb logr\u00f3 obtener una banca en el Concejo Deliberante que estar\u00e1 representada por Ivi Silvina Franco. En Patagones, las elecciones ser\u00e1n en el mes de agosto y Lucas Becker ser\u00e1 el Precandidato a Intendente por [&hellip;]<\/p>\n","protected":false},"author":4,"featured_media":32065,"comment_status":"closed","ping_status":"closed","sticky":false,"template":"","format":"standard","meta":{"_joinchat":[],"footnotes":""},"categories":[38],"tags":[],"class_list":["post-32064","post","type-post","status-publish","format-standard","has-post-thumbnail","hentry","category-elecciones"],"_links":{"self":[{"href":"https:\/\/www.elpolitologoyelpolitico.com.ar\/wordpress\/wp-json\/wp\/v2\/posts\/32064","targetHints":{"allow":["GET"]}}],"collection":[{"href":"https:\/\/www.elpolitologoyelpolitico.com.ar\/wordpress\/wp-json\/wp\/v2\/posts"}],"about":[{"href":"https:\/\/www.elpolitologoyelpolitico.com.ar\/wordpress\/wp-json\/wp\/v2\/types\/post"}],"author":[{"embeddable":true,"href":"https:\/\/www.elpolitologoyelpolitico.com.ar\/wordpress\/wp-json\/wp\/v2\/users\/4"}],"replies":[{"embeddable":true,"href":"https:\/\/www.elpolitologoyelpolitico.com.ar\/wordpress\/wp-json\/wp\/v2\/comments?post=32064"}],"version-history":[{"count":0,"href":"https:\/\/www.elpolitologoyelpolitico.com.ar\/wordpress\/wp-json\/wp\/v2\/posts\/32064\/revisions"}],"wp:featuredmedia":[{"embeddable":true,"href":"https:\/\/www.elpolitologoyelpolitico.com.ar\/wordpress\/wp-json\/wp\/v2\/media\/32065"}],"wp:attachment":[{"href":"https:\/\/www.elpolitologoyelpolitico.com.ar\/wordpress\/wp-json\/wp\/v2\/media?parent=32064"}],"wp:term":[{"taxonomy":"category","embeddable":true,"href":"https:\/\/www.elpolitologoyelpolitico.com.ar\/wordpress\/wp-json\/wp\/v2\/categories?post=32064"},{"taxonomy":"post_tag","embeddable":true,"href":"https:\/\/www.elpolitologoyelpolitico.com.ar\/wordpress\/wp-json\/wp\/v2\/tags?post=32064"}],"curies":[{"name":"wp","href":"https:\/\/api.w.org\/{rel}","templated":true}]}}