{"id":32059,"date":"2023-06-29T17:59:53","date_gmt":"2023-06-29T17:59:53","guid":{"rendered":"https:\/\/www.elpolitologoyelpolitico.com.ar\/wordpress\/?p=32059"},"modified":"2023-06-29T17:59:54","modified_gmt":"2023-06-29T17:59:54","slug":"el-gobierno-de-rio-negro-acompana-a-emprendedores-e-instituciones-de-viedma","status":"publish","type":"post","link":"https:\/\/www.elpolitologoyelpolitico.com.ar\/wordpress\/2023\/06\/29\/el-gobierno-de-rio-negro-acompana-a-emprendedores-e-instituciones-de-viedma\/","title":{"rendered":"El Gobierno de R\u00edo Negro acompa\u00f1a a emprendedores e instituciones de Viedma"},"content":{"rendered":"\n<p>La Gobernadora Arabela Carreras entreg\u00f3 personer\u00edas jur\u00eddicas y aportes econ\u00f3micos a instituciones de la comunidad. Asimismo, emprendedores y emprendedoras locales recibieron financiamiento para el desarrollo y fortalecimiento de sus proyectos por un total de $2.080.849.<\/p>\n\n\n\n<p>En el acto, llevado a cabo en el Sal\u00f3n Gris, estuvieron presentes el Intendente Pedro Pesatti; la Ministra de Desarrollo Humano y Articulaci\u00f3n Solidaria, Luciana de la Fuente y el Secretario General, Ramiro Fuentes Vivanco.<\/p>\n\n\n\n<p>Seg\u00fan explic\u00f3 la ministra De la Fuente se concret\u00f3 la entrega de 12 aportes para compra de maquinarias e insumos. \u201cVenimos trabajando mucho a trav\u00e9s del programa de microemprendimientos para el desarrollo local y productivo. Son emprendedores de Pasteler\u00eda, Herrer\u00eda, Panificaci\u00f3n, Peluquer\u00eda, etc.; algunos que comienzan, y otros que necesitan fortalecerse, ya vienen con un trayecto, y as\u00ed llegar a m\u00e1s personas\u201d, puntualiz\u00f3.<\/p>\n\n\n\n<p>\u201cLa Gobernadora siempre nos pide que hagamos mucho foco en lo que es inclusi\u00f3n laboral, con soluciones, capacitaciones y aportes reales, y esto se ve reflejado no solo en los microemprendimientos sino tambi\u00e9n en el programa \u201cEmprender\u201d con cursos gratuitos para rionegrinos y rionegrinas\u201d, agreg\u00f3.&nbsp;<\/p>\n\n\n\n<p>Asimismo, Rebeca Peralta Torres, emprendedora que se dedica desde hace varios a\u00f1os a la reposter\u00eda explic\u00f3 que con este financiamiento tiene previsto abrir un local de comidas de venta al p\u00fablico, que le permita crecer econ\u00f3micamente y mejorar la calidad de vida de ella y de su hija: \u201csolicit\u00e9 un microemprendimiento hace un mes, una ayuda econ\u00f3mica, y hoy estoy feliz de poder contar con ella\u201d.<\/p>\n\n\n\n<p>Participaron adem\u00e1s el ministro de Turismo y Deporte, Diego Cannestraci; el secretario de Estado de Cultura, Ariel \u00c1valos; los intendentes de San Antonio Oeste, Adri\u00e1n Casadei y de Choele Choel, Diego Ramello, la presidenta del Concejo Deliberante, Maricel Cevoli; la legisladora, Liliana Andaloro; y dem\u00e1s autoridades provinciales y municipales.<\/p>\n\n\n\n<p>Aportes y personer\u00edas<br>En este marco, el Gobierno provincial entrego aportes a las Asociaciones civiles \u201cG\u00e9nesis\u201d, y \u201cViedmense Amigos del Diab\u00e9tico\u201d; destinado a gastos de funcionamiento y mantenimiento.&nbsp;<\/p>\n\n\n\n<p>\u201cHace 24 a\u00f1os que estamos trabajando en Viedma y Carmen de Patagones. Nuestra asociaci\u00f3n tiene como fin colaborar con las personas con diabetes en todo lo que tenga que ver la educaci\u00f3n; utilizar la educaci\u00f3n como herramienta terap\u00e9utica, porque el resto de las herramientas las brinda el Estado: las coberturas sociales y los planes de protecci\u00f3n, afirm\u00f3 Nicol\u00e1s Arce, referente de AVIADI.<br>\u201cS\u00e1bado a s\u00e1bado, gratuitamente la gente se acerca en nuestra sede, que funciona en la Municipalidad de Viedma, para participar de charlas con profesionales, tanto de la comarca como del resto de pa\u00eds\u201d, destac\u00f3.<\/p>\n\n\n\n<p>Por otra parte, las Asociaciones Civiles \u00c1rbitros de Jockey de Viedma y Patagones, Iglesia Jes\u00fas Esperanza de Vida, Ministerio Proteico Nueva Vida y Sumate al Mundo recibieron su personer\u00eda jur\u00eddica en el marco del programa de Fortalecimiento Institucional que lleva adelante el Ministerio de Gobierno y Comunidad.<\/p>\n\n\n\n<figure class=\"wp-block-gallery has-nested-images columns-default is-cropped wp-block-gallery-1 is-layout-flex wp-block-gallery-is-layout-flex\">\n<figure class=\"wp-block-image size-large\"><img fetchpriority=\"high\" decoding=\"async\" width=\"1024\" height=\"682\" data-id=\"32061\" src=\"https:\/\/www.elpolitologoyelpolitico.com.ar\/wp-content\/uploads\/2023\/06\/IMG-20230629-WA0014-1024x682.jpg\" alt=\"\" class=\"wp-image-32061\" srcset=\"https:\/\/www.elpolitologoyelpolitico.com.ar\/wp-content\/uploads\/2023\/06\/IMG-20230629-WA0014-1024x682.jpg 1024w, https:\/\/www.elpolitologoyelpolitico.com.ar\/wp-content\/uploads\/2023\/06\/IMG-20230629-WA0014-300x200.jpg 300w, https:\/\/www.elpolitologoyelpolitico.com.ar\/wp-content\/uploads\/2023\/06\/IMG-20230629-WA0014-768x511.jpg 768w, https:\/\/www.elpolitologoyelpolitico.com.ar\/wp-content\/uploads\/2023\/06\/IMG-20230629-WA0014.jpg 1280w\" sizes=\"(max-width: 1024px) 100vw, 1024px\" \/><\/figure>\n\n\n\n<figure class=\"wp-block-image size-large\"><img decoding=\"async\" width=\"1024\" height=\"682\" data-id=\"32062\" src=\"https:\/\/www.elpolitologoyelpolitico.com.ar\/wp-content\/uploads\/2023\/06\/IMG-20230629-WA0015-1024x682.jpg\" alt=\"\" class=\"wp-image-32062\" srcset=\"https:\/\/www.elpolitologoyelpolitico.com.ar\/wp-content\/uploads\/2023\/06\/IMG-20230629-WA0015-1024x682.jpg 1024w, https:\/\/www.elpolitologoyelpolitico.com.ar\/wp-content\/uploads\/2023\/06\/IMG-20230629-WA0015-300x200.jpg 300w, https:\/\/www.elpolitologoyelpolitico.com.ar\/wp-content\/uploads\/2023\/06\/IMG-20230629-WA0015-768x511.jpg 768w, https:\/\/www.elpolitologoyelpolitico.com.ar\/wp-content\/uploads\/2023\/06\/IMG-20230629-WA0015.jpg 1280w\" sizes=\"(max-width: 1024px) 100vw, 1024px\" \/><\/figure>\n<\/figure>\n<div class=\"fb-background-color\">\n\t\t\t  <div \n\t\t\t  \tclass = \"fb-comments\" \n\t\t\t  \tdata-href = \"https:\/\/www.elpolitologoyelpolitico.com.ar\/wordpress\/2023\/06\/29\/el-gobierno-de-rio-negro-acompana-a-emprendedores-e-instituciones-de-viedma\/\"\n\t\t\t  \tdata-numposts = \"10\"\n\t\t\t  \tdata-lazy = \"true\"\n\t\t\t\tdata-colorscheme = \"light\"\n\t\t\t\tdata-order-by = \"social\"\n\t\t\t\tdata-mobile=true>\n\t\t\t  <\/div><\/div>\n\t\t  <style>\n\t\t    .fb-background-color {\n\t\t\t\tbackground: #ffffff !important;\n\t\t\t}\n\t\t\t.fb_iframe_widget_fluid_desktop iframe {\n\t\t\t    width: 100% !important;\n\t\t\t}\n\t\t  <\/style>\n\t\t  ","protected":false},"excerpt":{"rendered":"<p>La Gobernadora Arabela Carreras entreg\u00f3 personer\u00edas jur\u00eddicas y aportes econ\u00f3micos a instituciones de la comunidad. Asimismo, emprendedores y emprendedoras locales recibieron financiamiento para el desarrollo y fortalecimiento de sus proyectos por un total de $2.080.849. En el acto, llevado a cabo en el Sal\u00f3n Gris, estuvieron presentes el Intendente Pedro Pesatti; la Ministra de Desarrollo [&hellip;]<\/p>\n","protected":false},"author":4,"featured_media":32060,"comment_status":"closed","ping_status":"closed","sticky":false,"template":"","format":"standard","meta":{"_joinchat":[],"footnotes":""},"categories":[4],"tags":[],"class_list":["post-32059","post","type-post","status-publish","format-standard","has-post-thumbnail","hentry","category-politicas-publicas"],"_links":{"self":[{"href":"https:\/\/www.elpolitologoyelpolitico.com.ar\/wordpress\/wp-json\/wp\/v2\/posts\/32059","targetHints":{"allow":["GET"]}}],"collection":[{"href":"https:\/\/www.elpolitologoyelpolitico.com.ar\/wordpress\/wp-json\/wp\/v2\/posts"}],"about":[{"href":"https:\/\/www.elpolitologoyelpolitico.com.ar\/wordpress\/wp-json\/wp\/v2\/types\/post"}],"author":[{"embeddable":true,"href":"https:\/\/www.elpolitologoyelpolitico.com.ar\/wordpress\/wp-json\/wp\/v2\/users\/4"}],"replies":[{"embeddable":true,"href":"https:\/\/www.elpolitologoyelpolitico.com.ar\/wordpress\/wp-json\/wp\/v2\/comments?post=32059"}],"version-history":[{"count":0,"href":"https:\/\/www.elpolitologoyelpolitico.com.ar\/wordpress\/wp-json\/wp\/v2\/posts\/32059\/revisions"}],"wp:featuredmedia":[{"embeddable":true,"href":"https:\/\/www.elpolitologoyelpolitico.com.ar\/wordpress\/wp-json\/wp\/v2\/media\/32060"}],"wp:attachment":[{"href":"https:\/\/www.elpolitologoyelpolitico.com.ar\/wordpress\/wp-json\/wp\/v2\/media?parent=32059"}],"wp:term":[{"taxonomy":"category","embeddable":true,"href":"https:\/\/www.elpolitologoyelpolitico.com.ar\/wordpress\/wp-json\/wp\/v2\/categories?post=32059"},{"taxonomy":"post_tag","embeddable":true,"href":"https:\/\/www.elpolitologoyelpolitico.com.ar\/wordpress\/wp-json\/wp\/v2\/tags?post=32059"}],"curies":[{"name":"wp","href":"https:\/\/api.w.org\/{rel}","templated":true}]}}