{"id":32042,"date":"2023-06-28T16:40:48","date_gmt":"2023-06-28T16:40:48","guid":{"rendered":"https:\/\/www.elpolitologoyelpolitico.com.ar\/wordpress\/?p=32042"},"modified":"2023-06-28T16:40:49","modified_gmt":"2023-06-28T16:40:49","slug":"jose-san-martin-sera-el-primer-precandidato-a-concejal-en-la-lista-que-encabeza-la-precandidata-a-intendenta-susana-lopez","status":"publish","type":"post","link":"https:\/\/www.elpolitologoyelpolitico.com.ar\/wordpress\/2023\/06\/28\/jose-san-martin-sera-el-primer-precandidato-a-concejal-en-la-lista-que-encabeza-la-precandidata-a-intendenta-susana-lopez\/","title":{"rendered":"Jose San Martin ser\u00e1 el primer Precandidato a Concejal en la lista que encabeza la Precandidata a Intendenta Susana Lopez"},"content":{"rendered":"\n<p>Susana Lopez, es Licenciada en Ciencias politicas y Docente. Directora del Cens 452.<\/p>\n\n\n\n<p>Se presenta como precandidata a intendenta de Patagones en Uni\u00f3n por la Patria. Este espacio pol\u00edtico present\u00f3 cuatro listas para las elecciones de agosto (PASO).<\/p>\n\n\n\n<p>Quien acompa\u00f1a a Susana Lopez como primer precandidato a Concejal Titular ser\u00e1 Jos\u00e9 San Mart\u00edn, Presidente del Frente Grande en Patagones.<\/p>\n<div class=\"fb-background-color\">\n\t\t\t  <div \n\t\t\t  \tclass = \"fb-comments\" \n\t\t\t  \tdata-href = \"https:\/\/www.elpolitologoyelpolitico.com.ar\/wordpress\/2023\/06\/28\/jose-san-martin-sera-el-primer-precandidato-a-concejal-en-la-lista-que-encabeza-la-precandidata-a-intendenta-susana-lopez\/\"\n\t\t\t  \tdata-numposts = \"10\"\n\t\t\t  \tdata-lazy = \"true\"\n\t\t\t\tdata-colorscheme = \"light\"\n\t\t\t\tdata-order-by = \"social\"\n\t\t\t\tdata-mobile=true>\n\t\t\t  <\/div><\/div>\n\t\t  <style>\n\t\t    .fb-background-color {\n\t\t\t\tbackground: #ffffff !important;\n\t\t\t}\n\t\t\t.fb_iframe_widget_fluid_desktop iframe {\n\t\t\t    width: 100% !important;\n\t\t\t}\n\t\t  <\/style>\n\t\t  ","protected":false},"excerpt":{"rendered":"<p>Susana Lopez, es Licenciada en Ciencias politicas y Docente. Directora del Cens 452. Se presenta como precandidata a intendenta de Patagones en Uni\u00f3n por la Patria. Este espacio pol\u00edtico present\u00f3 cuatro listas para las elecciones de agosto (PASO). Quien acompa\u00f1a a Susana Lopez como primer precandidato a Concejal Titular ser\u00e1 Jos\u00e9 San Mart\u00edn, Presidente del [&hellip;]<\/p>\n","protected":false},"author":4,"featured_media":32043,"comment_status":"closed","ping_status":"closed","sticky":false,"template":"","format":"standard","meta":{"_joinchat":[],"footnotes":""},"categories":[38],"tags":[],"class_list":["post-32042","post","type-post","status-publish","format-standard","has-post-thumbnail","hentry","category-elecciones"],"_links":{"self":[{"href":"https:\/\/www.elpolitologoyelpolitico.com.ar\/wordpress\/wp-json\/wp\/v2\/posts\/32042","targetHints":{"allow":["GET"]}}],"collection":[{"href":"https:\/\/www.elpolitologoyelpolitico.com.ar\/wordpress\/wp-json\/wp\/v2\/posts"}],"about":[{"href":"https:\/\/www.elpolitologoyelpolitico.com.ar\/wordpress\/wp-json\/wp\/v2\/types\/post"}],"author":[{"embeddable":true,"href":"https:\/\/www.elpolitologoyelpolitico.com.ar\/wordpress\/wp-json\/wp\/v2\/users\/4"}],"replies":[{"embeddable":true,"href":"https:\/\/www.elpolitologoyelpolitico.com.ar\/wordpress\/wp-json\/wp\/v2\/comments?post=32042"}],"version-history":[{"count":0,"href":"https:\/\/www.elpolitologoyelpolitico.com.ar\/wordpress\/wp-json\/wp\/v2\/posts\/32042\/revisions"}],"wp:featuredmedia":[{"embeddable":true,"href":"https:\/\/www.elpolitologoyelpolitico.com.ar\/wordpress\/wp-json\/wp\/v2\/media\/32043"}],"wp:attachment":[{"href":"https:\/\/www.elpolitologoyelpolitico.com.ar\/wordpress\/wp-json\/wp\/v2\/media?parent=32042"}],"wp:term":[{"taxonomy":"category","embeddable":true,"href":"https:\/\/www.elpolitologoyelpolitico.com.ar\/wordpress\/wp-json\/wp\/v2\/categories?post=32042"},{"taxonomy":"post_tag","embeddable":true,"href":"https:\/\/www.elpolitologoyelpolitico.com.ar\/wordpress\/wp-json\/wp\/v2\/tags?post=32042"}],"curies":[{"name":"wp","href":"https:\/\/api.w.org\/{rel}","templated":true}]}}