{"id":32019,"date":"2023-06-28T00:26:27","date_gmt":"2023-06-28T00:26:27","guid":{"rendered":"https:\/\/www.elpolitologoyelpolitico.com.ar\/wordpress\/?p=32019"},"modified":"2023-06-28T00:26:29","modified_gmt":"2023-06-28T00:26:29","slug":"elecciones-2023-rosmary-marcolini-quiere-llegar-a-la-intendencia-en-patagones","status":"publish","type":"post","link":"https:\/\/www.elpolitologoyelpolitico.com.ar\/wordpress\/2023\/06\/28\/elecciones-2023-rosmary-marcolini-quiere-llegar-a-la-intendencia-en-patagones\/","title":{"rendered":"ELECCIONES 2023: Rosmary Marcolini quiere llegar a la intendencia en Patagones"},"content":{"rendered":"\n<p>La Doctora Rosmary Marcolini, quien fue participe de la campa\u00f1a de Vacunaci\u00f3n contra el Covid-19 en Patagones y trabaja en el area de Salud ser\u00e1 la precandidata a Intendenta en Uni\u00f3n por la Patria.<\/p>\n\n\n\n<p>Son cuatro las listas que se van a presentar en las elecciones de agosto en UNI\u00d3N POR LA PATRIA:<\/p>\n\n\n\n<p>La que encabeza Rosmary Marcolini, el abogado Rodrigo Aurrecochea, el Ex-Concejal Ricardo Marino y la Directora del Cens 452 Susana Lopez.<\/p>\n\n\n\n<p>PRECANDIDATA A INTENDENTA:<\/p>\n\n\n\n<p>Rosmary Marcolini<\/p>\n\n\n\n<p>PRECANDIDATOS A CONCEJALES TITULARES<\/p>\n\n\n\n<p>1) Juan Ensone<br>2) Soledad Celiz<br>3) Alejandro Azaroff<br>4) Mariela Vila<br>5) Luciano Sepulveda<br>6) Daniela Pedraza<br>7) Fabian Contreras<br>8) Victoria Sanchez Lopez<\/p>\n\n\n\n<p>PRECANDIDATOS A CONCEJALES SUPLENTES<\/p>\n\n\n\n<p>1) Sergio Dinamarca<br>2) Cielo TailmitteToncovich<br>3) Antonio Arrar\u00e1s<br>4) Miryam Inalaf<br>5) Gerardo Sanchez<\/p>\n\n\n\n<p>PRECANDIDATOS A CONSEJEROS ESCOLARES TITULARES<\/p>\n\n\n\n<p>1) Solange Cornett<br>2) Carlos Manggialino<br>3) Ivonne Rousiot<\/p>\n\n\n\n<p>PRECANDIDATOS A CONSEJEROS ESCOLARES SUPLENTES<\/p>\n\n\n\n<p>1) Gustavo Vidal<br>2) Mariana Camou<br>3) Maximiliano Morando<\/p>\n<div class=\"fb-background-color\">\n\t\t\t  <div \n\t\t\t  \tclass = \"fb-comments\" \n\t\t\t  \tdata-href = \"https:\/\/www.elpolitologoyelpolitico.com.ar\/wordpress\/2023\/06\/28\/elecciones-2023-rosmary-marcolini-quiere-llegar-a-la-intendencia-en-patagones\/\"\n\t\t\t  \tdata-numposts = \"10\"\n\t\t\t  \tdata-lazy = \"true\"\n\t\t\t\tdata-colorscheme = \"light\"\n\t\t\t\tdata-order-by = \"social\"\n\t\t\t\tdata-mobile=true>\n\t\t\t  <\/div><\/div>\n\t\t  <style>\n\t\t    .fb-background-color {\n\t\t\t\tbackground: #ffffff !important;\n\t\t\t}\n\t\t\t.fb_iframe_widget_fluid_desktop iframe {\n\t\t\t    width: 100% !important;\n\t\t\t}\n\t\t  <\/style>\n\t\t  ","protected":false},"excerpt":{"rendered":"<p>La Doctora Rosmary Marcolini, quien fue participe de la campa\u00f1a de Vacunaci\u00f3n contra el Covid-19 en Patagones y trabaja en el area de Salud ser\u00e1 la precandidata a Intendenta en Uni\u00f3n por la Patria. Son cuatro las listas que se van a presentar en las elecciones de agosto en UNI\u00d3N POR LA PATRIA: La que [&hellip;]<\/p>\n","protected":false},"author":4,"featured_media":32020,"comment_status":"closed","ping_status":"closed","sticky":false,"template":"","format":"standard","meta":{"_joinchat":[],"footnotes":""},"categories":[38],"tags":[],"class_list":["post-32019","post","type-post","status-publish","format-standard","has-post-thumbnail","hentry","category-elecciones"],"_links":{"self":[{"href":"https:\/\/www.elpolitologoyelpolitico.com.ar\/wordpress\/wp-json\/wp\/v2\/posts\/32019","targetHints":{"allow":["GET"]}}],"collection":[{"href":"https:\/\/www.elpolitologoyelpolitico.com.ar\/wordpress\/wp-json\/wp\/v2\/posts"}],"about":[{"href":"https:\/\/www.elpolitologoyelpolitico.com.ar\/wordpress\/wp-json\/wp\/v2\/types\/post"}],"author":[{"embeddable":true,"href":"https:\/\/www.elpolitologoyelpolitico.com.ar\/wordpress\/wp-json\/wp\/v2\/users\/4"}],"replies":[{"embeddable":true,"href":"https:\/\/www.elpolitologoyelpolitico.com.ar\/wordpress\/wp-json\/wp\/v2\/comments?post=32019"}],"version-history":[{"count":0,"href":"https:\/\/www.elpolitologoyelpolitico.com.ar\/wordpress\/wp-json\/wp\/v2\/posts\/32019\/revisions"}],"wp:featuredmedia":[{"embeddable":true,"href":"https:\/\/www.elpolitologoyelpolitico.com.ar\/wordpress\/wp-json\/wp\/v2\/media\/32020"}],"wp:attachment":[{"href":"https:\/\/www.elpolitologoyelpolitico.com.ar\/wordpress\/wp-json\/wp\/v2\/media?parent=32019"}],"wp:term":[{"taxonomy":"category","embeddable":true,"href":"https:\/\/www.elpolitologoyelpolitico.com.ar\/wordpress\/wp-json\/wp\/v2\/categories?post=32019"},{"taxonomy":"post_tag","embeddable":true,"href":"https:\/\/www.elpolitologoyelpolitico.com.ar\/wordpress\/wp-json\/wp\/v2\/tags?post=32019"}],"curies":[{"name":"wp","href":"https:\/\/api.w.org\/{rel}","templated":true}]}}