{"id":32012,"date":"2023-06-27T23:54:41","date_gmt":"2023-06-27T23:54:41","guid":{"rendered":"https:\/\/www.elpolitologoyelpolitico.com.ar\/wordpress\/?p=32012"},"modified":"2023-06-27T23:54:43","modified_gmt":"2023-06-27T23:54:43","slug":"provincia-y-el-curza-avanzan-en-la-oferta-academica-sobre-gestion-cultural","status":"publish","type":"post","link":"https:\/\/www.elpolitologoyelpolitico.com.ar\/wordpress\/2023\/06\/27\/provincia-y-el-curza-avanzan-en-la-oferta-academica-sobre-gestion-cultural\/","title":{"rendered":"Provincia y el CURZA avanzan en la oferta acad\u00e9mica sobre Gesti\u00f3n Cultural"},"content":{"rendered":"\n<p>Este lunes se ultimaron los detalles de la propuesta formal del Plan de Estudios de la Tecnicatura Universitaria en Gesti\u00f3n Cultural que dictar\u00e1 el CURZA el pr\u00f3ximo a\u00f1o.<\/p>\n\n\n\n<p>En el marco de una nueva reuni\u00f3n encabezada por el secretario de Estado de Cultura, Ariel Avalos y la decana del CURZA, Adriana Goicochea, se ultimaron detalles de la propuesta elaborada por la Comisi\u00f3n T\u00e9cnica y que ser\u00e1 remitida al Consejo Asesor de la Universidad Nacional del Comahue y al Ministerio de Educaci\u00f3n de la Naci\u00f3n.<\/p>\n\n\n\n<p>\u201cHay una gran cantidad de j\u00f3venes que participan en el campo cultural provincial, muchos de ellos est\u00e1n en el Movimiento Cultural Rionegrino y esta oferta acad\u00e9mica les brinda la posibilidad de profesionalizarse\u201d, sostuvo Avalos.<\/p>\n\n\n\n<p>En tanto, la decana Adriana Goicochea destac\u00f3 la importancia de haber llegado a esta instancia y afirm\u00f3 que \u201cllegar a este punto implica dar respuesta a un compromiso asumido y encontrarnos con un resultado que nos da cuenta del di\u00e1logo, del profesionalismo y del trabajo conjunto\u201d.<\/p>\n\n\n\n<p>La Tecnicatura Universitaria en Gesti\u00f3n Cultural tendr\u00e1 una duraci\u00f3n de 1812 horas en tres a\u00f1os de duraci\u00f3n y se dictar\u00e1 de manera virtual.<\/p>\n\n\n\n<p>El Gobierno de R\u00edo Negro a trav\u00e9s de la Secretar\u00eda de Estado de Cultura y las distintas instituciones educativas de la provincia le da continuidad as\u00ed a sus pol\u00edticas de fortalecimiento y jerarquizaci\u00f3n del campo cultural rionegrino.<\/p>\n<div class=\"fb-background-color\">\n\t\t\t  <div \n\t\t\t  \tclass = \"fb-comments\" \n\t\t\t  \tdata-href = \"https:\/\/www.elpolitologoyelpolitico.com.ar\/wordpress\/2023\/06\/27\/provincia-y-el-curza-avanzan-en-la-oferta-academica-sobre-gestion-cultural\/\"\n\t\t\t  \tdata-numposts = \"10\"\n\t\t\t  \tdata-lazy = \"true\"\n\t\t\t\tdata-colorscheme = \"light\"\n\t\t\t\tdata-order-by = \"social\"\n\t\t\t\tdata-mobile=true>\n\t\t\t  <\/div><\/div>\n\t\t  <style>\n\t\t    .fb-background-color {\n\t\t\t\tbackground: #ffffff !important;\n\t\t\t}\n\t\t\t.fb_iframe_widget_fluid_desktop iframe {\n\t\t\t    width: 100% !important;\n\t\t\t}\n\t\t  <\/style>\n\t\t  ","protected":false},"excerpt":{"rendered":"<p>Este lunes se ultimaron los detalles de la propuesta formal del Plan de Estudios de la Tecnicatura Universitaria en Gesti\u00f3n Cultural que dictar\u00e1 el CURZA el pr\u00f3ximo a\u00f1o. En el marco de una nueva reuni\u00f3n encabezada por el secretario de Estado de Cultura, Ariel Avalos y la decana del CURZA, Adriana Goicochea, se ultimaron detalles [&hellip;]<\/p>\n","protected":false},"author":4,"featured_media":32013,"comment_status":"closed","ping_status":"closed","sticky":false,"template":"","format":"standard","meta":{"_joinchat":[],"footnotes":""},"categories":[4],"tags":[],"class_list":["post-32012","post","type-post","status-publish","format-standard","has-post-thumbnail","hentry","category-politicas-publicas"],"_links":{"self":[{"href":"https:\/\/www.elpolitologoyelpolitico.com.ar\/wordpress\/wp-json\/wp\/v2\/posts\/32012","targetHints":{"allow":["GET"]}}],"collection":[{"href":"https:\/\/www.elpolitologoyelpolitico.com.ar\/wordpress\/wp-json\/wp\/v2\/posts"}],"about":[{"href":"https:\/\/www.elpolitologoyelpolitico.com.ar\/wordpress\/wp-json\/wp\/v2\/types\/post"}],"author":[{"embeddable":true,"href":"https:\/\/www.elpolitologoyelpolitico.com.ar\/wordpress\/wp-json\/wp\/v2\/users\/4"}],"replies":[{"embeddable":true,"href":"https:\/\/www.elpolitologoyelpolitico.com.ar\/wordpress\/wp-json\/wp\/v2\/comments?post=32012"}],"version-history":[{"count":0,"href":"https:\/\/www.elpolitologoyelpolitico.com.ar\/wordpress\/wp-json\/wp\/v2\/posts\/32012\/revisions"}],"wp:featuredmedia":[{"embeddable":true,"href":"https:\/\/www.elpolitologoyelpolitico.com.ar\/wordpress\/wp-json\/wp\/v2\/media\/32013"}],"wp:attachment":[{"href":"https:\/\/www.elpolitologoyelpolitico.com.ar\/wordpress\/wp-json\/wp\/v2\/media?parent=32012"}],"wp:term":[{"taxonomy":"category","embeddable":true,"href":"https:\/\/www.elpolitologoyelpolitico.com.ar\/wordpress\/wp-json\/wp\/v2\/categories?post=32012"},{"taxonomy":"post_tag","embeddable":true,"href":"https:\/\/www.elpolitologoyelpolitico.com.ar\/wordpress\/wp-json\/wp\/v2\/tags?post=32012"}],"curies":[{"name":"wp","href":"https:\/\/api.w.org\/{rel}","templated":true}]}}