{"id":31997,"date":"2023-06-27T16:18:14","date_gmt":"2023-06-27T16:18:14","guid":{"rendered":"https:\/\/www.elpolitologoyelpolitico.com.ar\/wordpress\/?p=31997"},"modified":"2023-06-27T16:18:15","modified_gmt":"2023-06-27T16:18:15","slug":"continua-la-campana-de-castracion-gratuita-en-viedma-2","status":"publish","type":"post","link":"https:\/\/www.elpolitologoyelpolitico.com.ar\/wordpress\/2023\/06\/27\/continua-la-campana-de-castracion-gratuita-en-viedma-2\/","title":{"rendered":"Contin\u00faa la campa\u00f1a de castraci\u00f3n gratuita en Viedma"},"content":{"rendered":"\n<p>Hasta el 30 de junio se realiza la campa\u00f1a de castraci\u00f3n gratuita en la Junta Vecinal del barrio Los Fresnos &#8211; R\u00edo Villegas 1774.<\/p>\n\n\n\n<p>Hay que recordar que la atenci\u00f3n ser\u00e1 por orden de llegada de 8:30 a 12:30 (se reciben animales hasta las 11.30 hs).<\/p>\n\n\n\n<p><em>IMPORTANTE<\/em><\/p>\n\n\n\n<p>\u25cf Llevar los animales con12hs de ayuno.<\/p>\n\n\n\n<p>\u25cf Gatos en o casas de transporte, mochila o bolsa de cebolla.<\/p>\n\n\n\n<p>\u25cf Perros con correa y bozal.<\/p>\n\n\n\n<p>\u25cf Traer manta o frazada para envolverlos<\/p>\n<div class=\"fb-background-color\">\n\t\t\t  <div \n\t\t\t  \tclass = \"fb-comments\" \n\t\t\t  \tdata-href = \"https:\/\/www.elpolitologoyelpolitico.com.ar\/wordpress\/2023\/06\/27\/continua-la-campana-de-castracion-gratuita-en-viedma-2\/\"\n\t\t\t  \tdata-numposts = \"10\"\n\t\t\t  \tdata-lazy = \"true\"\n\t\t\t\tdata-colorscheme = \"light\"\n\t\t\t\tdata-order-by = \"social\"\n\t\t\t\tdata-mobile=true>\n\t\t\t  <\/div><\/div>\n\t\t  <style>\n\t\t    .fb-background-color {\n\t\t\t\tbackground: #ffffff !important;\n\t\t\t}\n\t\t\t.fb_iframe_widget_fluid_desktop iframe {\n\t\t\t    width: 100% !important;\n\t\t\t}\n\t\t  <\/style>\n\t\t  ","protected":false},"excerpt":{"rendered":"<p>Hasta el 30 de junio se realiza la campa\u00f1a de castraci\u00f3n gratuita en la Junta Vecinal del barrio Los Fresnos &#8211; R\u00edo Villegas 1774. Hay que recordar que la atenci\u00f3n ser\u00e1 por orden de llegada de 8:30 a 12:30 (se reciben animales hasta las 11.30 hs). IMPORTANTE \u25cf Llevar los animales con12hs de ayuno. \u25cf [&hellip;]<\/p>\n","protected":false},"author":4,"featured_media":31998,"comment_status":"closed","ping_status":"closed","sticky":false,"template":"","format":"standard","meta":{"_joinchat":[],"footnotes":""},"categories":[4],"tags":[],"class_list":["post-31997","post","type-post","status-publish","format-standard","has-post-thumbnail","hentry","category-politicas-publicas"],"_links":{"self":[{"href":"https:\/\/www.elpolitologoyelpolitico.com.ar\/wordpress\/wp-json\/wp\/v2\/posts\/31997","targetHints":{"allow":["GET"]}}],"collection":[{"href":"https:\/\/www.elpolitologoyelpolitico.com.ar\/wordpress\/wp-json\/wp\/v2\/posts"}],"about":[{"href":"https:\/\/www.elpolitologoyelpolitico.com.ar\/wordpress\/wp-json\/wp\/v2\/types\/post"}],"author":[{"embeddable":true,"href":"https:\/\/www.elpolitologoyelpolitico.com.ar\/wordpress\/wp-json\/wp\/v2\/users\/4"}],"replies":[{"embeddable":true,"href":"https:\/\/www.elpolitologoyelpolitico.com.ar\/wordpress\/wp-json\/wp\/v2\/comments?post=31997"}],"version-history":[{"count":0,"href":"https:\/\/www.elpolitologoyelpolitico.com.ar\/wordpress\/wp-json\/wp\/v2\/posts\/31997\/revisions"}],"wp:featuredmedia":[{"embeddable":true,"href":"https:\/\/www.elpolitologoyelpolitico.com.ar\/wordpress\/wp-json\/wp\/v2\/media\/31998"}],"wp:attachment":[{"href":"https:\/\/www.elpolitologoyelpolitico.com.ar\/wordpress\/wp-json\/wp\/v2\/media?parent=31997"}],"wp:term":[{"taxonomy":"category","embeddable":true,"href":"https:\/\/www.elpolitologoyelpolitico.com.ar\/wordpress\/wp-json\/wp\/v2\/categories?post=31997"},{"taxonomy":"post_tag","embeddable":true,"href":"https:\/\/www.elpolitologoyelpolitico.com.ar\/wordpress\/wp-json\/wp\/v2\/tags?post=31997"}],"curies":[{"name":"wp","href":"https:\/\/api.w.org\/{rel}","templated":true}]}}