{"id":31994,"date":"2023-06-27T15:18:43","date_gmt":"2023-06-27T15:18:43","guid":{"rendered":"https:\/\/www.elpolitologoyelpolitico.com.ar\/wordpress\/?p=31994"},"modified":"2023-06-27T15:18:45","modified_gmt":"2023-06-27T15:18:45","slug":"nuevo-operativo-de-limpieza-barrial-en-carmen-de-patagones","status":"publish","type":"post","link":"https:\/\/www.elpolitologoyelpolitico.com.ar\/wordpress\/2023\/06\/27\/nuevo-operativo-de-limpieza-barrial-en-carmen-de-patagones\/","title":{"rendered":"Nuevo Operativo de limpieza barrial en Carmen de Patagones"},"content":{"rendered":"\n<p>En el marco del cronograma dispuesto por el \u00e1rea de Servicios, se informa a la comunidad que, a partir del mi\u00e9rcoles 28 del corriente mes, el operativo de limpieza se trasladar\u00e1 a los barrios Villa Morando, N\u00e9stor Kirchner, Procrear, Dolores, Luj\u00e1n, 89 viviendas, Patagonia e Islas Malvinas.<\/p>\n\n\n\n<p>Cabe destacar que el servicio es gratuito y tiene como objetivo despejar las veredas de los residuos voluminosos (no domiciliarios), para garantizar la higiene y mantener en buenas condiciones los espacios p\u00fablicos.<\/p>\n\n\n\n<p>En este sentido, se solicita la colaboraci\u00f3n de las familias en cuanto a respetar el cronograma establecido y retirar sus residuos no convencionales durante el mes que corresponde.<\/p>\n\n\n\n<p>Entre los residuos que podr\u00e1n depositar en la calle, mientras dure el operativo, se encuentran; madera, hierro, chapa y escombros, que posteriormente ser\u00e1n recolectados por los operarios del \u00e1rea.<\/p>\n<div class=\"fb-background-color\">\n\t\t\t  <div \n\t\t\t  \tclass = \"fb-comments\" \n\t\t\t  \tdata-href = \"https:\/\/www.elpolitologoyelpolitico.com.ar\/wordpress\/2023\/06\/27\/nuevo-operativo-de-limpieza-barrial-en-carmen-de-patagones\/\"\n\t\t\t  \tdata-numposts = \"10\"\n\t\t\t  \tdata-lazy = \"true\"\n\t\t\t\tdata-colorscheme = \"light\"\n\t\t\t\tdata-order-by = \"social\"\n\t\t\t\tdata-mobile=true>\n\t\t\t  <\/div><\/div>\n\t\t  <style>\n\t\t    .fb-background-color {\n\t\t\t\tbackground: #ffffff !important;\n\t\t\t}\n\t\t\t.fb_iframe_widget_fluid_desktop iframe {\n\t\t\t    width: 100% !important;\n\t\t\t}\n\t\t  <\/style>\n\t\t  ","protected":false},"excerpt":{"rendered":"<p>En el marco del cronograma dispuesto por el \u00e1rea de Servicios, se informa a la comunidad que, a partir del mi\u00e9rcoles 28 del corriente mes, el operativo de limpieza se trasladar\u00e1 a los barrios Villa Morando, N\u00e9stor Kirchner, Procrear, Dolores, Luj\u00e1n, 89 viviendas, Patagonia e Islas Malvinas. Cabe destacar que el servicio es gratuito y [&hellip;]<\/p>\n","protected":false},"author":4,"featured_media":31995,"comment_status":"closed","ping_status":"closed","sticky":false,"template":"","format":"standard","meta":{"_joinchat":[],"footnotes":""},"categories":[4],"tags":[],"class_list":["post-31994","post","type-post","status-publish","format-standard","has-post-thumbnail","hentry","category-politicas-publicas"],"_links":{"self":[{"href":"https:\/\/www.elpolitologoyelpolitico.com.ar\/wordpress\/wp-json\/wp\/v2\/posts\/31994","targetHints":{"allow":["GET"]}}],"collection":[{"href":"https:\/\/www.elpolitologoyelpolitico.com.ar\/wordpress\/wp-json\/wp\/v2\/posts"}],"about":[{"href":"https:\/\/www.elpolitologoyelpolitico.com.ar\/wordpress\/wp-json\/wp\/v2\/types\/post"}],"author":[{"embeddable":true,"href":"https:\/\/www.elpolitologoyelpolitico.com.ar\/wordpress\/wp-json\/wp\/v2\/users\/4"}],"replies":[{"embeddable":true,"href":"https:\/\/www.elpolitologoyelpolitico.com.ar\/wordpress\/wp-json\/wp\/v2\/comments?post=31994"}],"version-history":[{"count":0,"href":"https:\/\/www.elpolitologoyelpolitico.com.ar\/wordpress\/wp-json\/wp\/v2\/posts\/31994\/revisions"}],"wp:featuredmedia":[{"embeddable":true,"href":"https:\/\/www.elpolitologoyelpolitico.com.ar\/wordpress\/wp-json\/wp\/v2\/media\/31995"}],"wp:attachment":[{"href":"https:\/\/www.elpolitologoyelpolitico.com.ar\/wordpress\/wp-json\/wp\/v2\/media?parent=31994"}],"wp:term":[{"taxonomy":"category","embeddable":true,"href":"https:\/\/www.elpolitologoyelpolitico.com.ar\/wordpress\/wp-json\/wp\/v2\/categories?post=31994"},{"taxonomy":"post_tag","embeddable":true,"href":"https:\/\/www.elpolitologoyelpolitico.com.ar\/wordpress\/wp-json\/wp\/v2\/tags?post=31994"}],"curies":[{"name":"wp","href":"https:\/\/api.w.org\/{rel}","templated":true}]}}