{"id":31965,"date":"2023-06-25T16:18:39","date_gmt":"2023-06-25T16:18:39","guid":{"rendered":"https:\/\/www.elpolitologoyelpolitico.com.ar\/wordpress\/?p=31965"},"modified":"2023-06-25T16:18:42","modified_gmt":"2023-06-25T16:18:42","slug":"con-gran-participacion-de-estudiantes-continuan-los-talleres-de-prevencion-en-uso-responsable-de-redes-socialesy-violencia-en-el-noviazgo","status":"publish","type":"post","link":"https:\/\/www.elpolitologoyelpolitico.com.ar\/wordpress\/2023\/06\/25\/con-gran-participacion-de-estudiantes-continuan-los-talleres-de-prevencion-en-uso-responsable-de-redes-socialesy-violencia-en-el-noviazgo\/","title":{"rendered":"Con gran participaci\u00f3n de estudiantes contin\u00faan los talleres de prevenci\u00f3n en \u00abuso responsable de redes sociales\u00bby \u00abviolencia en el noviazgo\u00bb."},"content":{"rendered":"\n<p>El viernes, la actividad tuvo lugar en la Escuela Secundaria Carlos Spegazzini, de la ciudad cabecera, con una activa participaci\u00f3n de m\u00e1s de 150 estudiantes en la tem\u00e1tica.<\/p>\n\n\n\n<p>La charla estuvo a cargo del equipo t\u00e9cnico de la Comisar\u00eda de la Familia de Viedma, que trabaja en conjunto con la Comisar\u00eda de la Mujer y la Familia de Patagones y el \u00e1rea de Coordinaci\u00f3n de Programas P\u00fablicos de la Municipalidad de Patagones.<\/p>\n\n\n\n<p>Luego del encuentro, el coordinador de Programas P\u00fablicos, Lucio G\u00e1latro, destac\u00f3 el trabajo en conjunto con la Directora de la Escuela Spegazzini, Rosana Ricca, y todo su equipo de trabajo, lo cual permite desarrollar diversas planificaciones preventivas desde el Estado hacia los j\u00f3venes de las instituciones.<\/p>\n\n\n\n<p>Asimismo se pretende profundizar la tarea \u00abpara afianzar la construcci\u00f3n de espacios de prevenci\u00f3n y capacitaci\u00f3n en materia de las violencias y abusos\u00bb<\/p>\n\n\n\n<p>Para finalizar, G\u00e1latro destac\u00f3 que de esta manera se avanza con una agenda activa durante todo el a\u00f1o y anunci\u00f3 que \u00abpr\u00f3ximamente se brindar\u00e1n las charlas en instituciones deportivas de Patagones\u00bb que mostraron un gran inter\u00e9s en el trabajo en conjunto con el municipio.<\/p>\n<div class=\"fb-background-color\">\n\t\t\t  <div \n\t\t\t  \tclass = \"fb-comments\" \n\t\t\t  \tdata-href = \"https:\/\/www.elpolitologoyelpolitico.com.ar\/wordpress\/2023\/06\/25\/con-gran-participacion-de-estudiantes-continuan-los-talleres-de-prevencion-en-uso-responsable-de-redes-socialesy-violencia-en-el-noviazgo\/\"\n\t\t\t  \tdata-numposts = \"10\"\n\t\t\t  \tdata-lazy = \"true\"\n\t\t\t\tdata-colorscheme = \"light\"\n\t\t\t\tdata-order-by = \"social\"\n\t\t\t\tdata-mobile=true>\n\t\t\t  <\/div><\/div>\n\t\t  <style>\n\t\t    .fb-background-color {\n\t\t\t\tbackground: #ffffff !important;\n\t\t\t}\n\t\t\t.fb_iframe_widget_fluid_desktop iframe {\n\t\t\t    width: 100% !important;\n\t\t\t}\n\t\t  <\/style>\n\t\t  ","protected":false},"excerpt":{"rendered":"<p>El viernes, la actividad tuvo lugar en la Escuela Secundaria Carlos Spegazzini, de la ciudad cabecera, con una activa participaci\u00f3n de m\u00e1s de 150 estudiantes en la tem\u00e1tica. La charla estuvo a cargo del equipo t\u00e9cnico de la Comisar\u00eda de la Familia de Viedma, que trabaja en conjunto con la Comisar\u00eda de la Mujer y [&hellip;]<\/p>\n","protected":false},"author":4,"featured_media":31966,"comment_status":"closed","ping_status":"closed","sticky":false,"template":"","format":"standard","meta":{"_joinchat":[],"footnotes":""},"categories":[4],"tags":[],"class_list":["post-31965","post","type-post","status-publish","format-standard","has-post-thumbnail","hentry","category-politicas-publicas"],"_links":{"self":[{"href":"https:\/\/www.elpolitologoyelpolitico.com.ar\/wordpress\/wp-json\/wp\/v2\/posts\/31965","targetHints":{"allow":["GET"]}}],"collection":[{"href":"https:\/\/www.elpolitologoyelpolitico.com.ar\/wordpress\/wp-json\/wp\/v2\/posts"}],"about":[{"href":"https:\/\/www.elpolitologoyelpolitico.com.ar\/wordpress\/wp-json\/wp\/v2\/types\/post"}],"author":[{"embeddable":true,"href":"https:\/\/www.elpolitologoyelpolitico.com.ar\/wordpress\/wp-json\/wp\/v2\/users\/4"}],"replies":[{"embeddable":true,"href":"https:\/\/www.elpolitologoyelpolitico.com.ar\/wordpress\/wp-json\/wp\/v2\/comments?post=31965"}],"version-history":[{"count":0,"href":"https:\/\/www.elpolitologoyelpolitico.com.ar\/wordpress\/wp-json\/wp\/v2\/posts\/31965\/revisions"}],"wp:featuredmedia":[{"embeddable":true,"href":"https:\/\/www.elpolitologoyelpolitico.com.ar\/wordpress\/wp-json\/wp\/v2\/media\/31966"}],"wp:attachment":[{"href":"https:\/\/www.elpolitologoyelpolitico.com.ar\/wordpress\/wp-json\/wp\/v2\/media?parent=31965"}],"wp:term":[{"taxonomy":"category","embeddable":true,"href":"https:\/\/www.elpolitologoyelpolitico.com.ar\/wordpress\/wp-json\/wp\/v2\/categories?post=31965"},{"taxonomy":"post_tag","embeddable":true,"href":"https:\/\/www.elpolitologoyelpolitico.com.ar\/wordpress\/wp-json\/wp\/v2\/tags?post=31965"}],"curies":[{"name":"wp","href":"https:\/\/api.w.org\/{rel}","templated":true}]}}