{"id":31958,"date":"2023-06-24T18:38:22","date_gmt":"2023-06-24T18:38:22","guid":{"rendered":"https:\/\/www.elpolitologoyelpolitico.com.ar\/wordpress\/?p=31958"},"modified":"2023-06-24T18:38:23","modified_gmt":"2023-06-24T18:38:23","slug":"educacion-trabaja-el-abordaje-integral-del-consumo-problematico-y-suicidio","status":"publish","type":"post","link":"https:\/\/www.elpolitologoyelpolitico.com.ar\/wordpress\/2023\/06\/24\/educacion-trabaja-el-abordaje-integral-del-consumo-problematico-y-suicidio\/","title":{"rendered":"Educaci\u00f3n trabaja el abordaje integral del consumo problem\u00e1tico y suicidio"},"content":{"rendered":"\n<p>M\u00e1s de 90 asistentes, entre representantes de Equipos Supervisivos y directivos de Alto Valle, participaron en Cipolletti de la Primera Jornada de Acompa\u00f1amiento en el \u00e1mbito educativo de situaciones relativas a la problem\u00e1tica del suicidio y los consumos problem\u00e1ticos.<\/p>\n\n\n\n<p>La actividad se instrument\u00f3 como un espacio de reflexi\u00f3n para avanzar en el desarrollo de las orientaciones de cuidados para la comprensi\u00f3n y el abordaje integral de las situaciones relativas al suicidio y los consumos problem\u00e1ticos en las escuelas.<\/p>\n\n\n\n<p>La propuesta, que fue declarada de inter\u00e9s por Resoluci\u00f3n N\u00b0 4730\/23, se realiz\u00f3 conjuntamente entre la cartera educativa provincial y el Ministerio de Educaci\u00f3n de la Naci\u00f3n, desarrollada a trav\u00e9s de la Direcci\u00f3n provincial de Educaci\u00f3n Inclusiva, Orientaci\u00f3n T\u00e9cnica y Educaci\u00f3n Especial y el Programa nacional de Prevenci\u00f3n y Cuidados en el \u00c1mbito Educativo.<\/p>\n\n\n\n<p>Del encuentro participaron representantes de Equipos Supervisivos de Educaci\u00f3n Primaria, Especial y Secundaria, equipos directivos de Escuelas Secundarias y Laborales de Barda del Medio, Allen, Cinco Saltos, Cipolletti y Fern\u00e1ndez Oro.<\/p>\n\n\n\n<p>La actividad estuvo presida por la Directora General, Romina Faccio; acompa\u00f1ada por integrantes del equipo t\u00e9cnico profesional del Programa Prevenci\u00f3n y Cuidados en el \u00c1mbito Educativo de Naci\u00f3n, Gabriela Tarantino y Maia Reisin.<\/p>\n\n\n\n<p>Estuvieron tambi\u00e9n las coordinadoras del Consejo Escolar de Cipolletti, Silvina Peltzer, de Cinco Saltos, Beatriz Constantinidis, y de Allen, Loreley Cabanay; la secretaria T\u00e9cnica de Educaci\u00f3n Inclusiva, Orientaci\u00f3n T\u00e9cnica y Educaci\u00f3n Especial, Valeria Geoffroy; y profesionales del dispositivo provincial \u201cTe Cuido, nos cuidamos\u201d.<\/p>\n<div class=\"fb-background-color\">\n\t\t\t  <div \n\t\t\t  \tclass = \"fb-comments\" \n\t\t\t  \tdata-href = \"https:\/\/www.elpolitologoyelpolitico.com.ar\/wordpress\/2023\/06\/24\/educacion-trabaja-el-abordaje-integral-del-consumo-problematico-y-suicidio\/\"\n\t\t\t  \tdata-numposts = \"10\"\n\t\t\t  \tdata-lazy = \"true\"\n\t\t\t\tdata-colorscheme = \"light\"\n\t\t\t\tdata-order-by = \"social\"\n\t\t\t\tdata-mobile=true>\n\t\t\t  <\/div><\/div>\n\t\t  <style>\n\t\t    .fb-background-color {\n\t\t\t\tbackground: #ffffff !important;\n\t\t\t}\n\t\t\t.fb_iframe_widget_fluid_desktop iframe {\n\t\t\t    width: 100% !important;\n\t\t\t}\n\t\t  <\/style>\n\t\t  ","protected":false},"excerpt":{"rendered":"<p>M\u00e1s de 90 asistentes, entre representantes de Equipos Supervisivos y directivos de Alto Valle, participaron en Cipolletti de la Primera Jornada de Acompa\u00f1amiento en el \u00e1mbito educativo de situaciones relativas a la problem\u00e1tica del suicidio y los consumos problem\u00e1ticos. La actividad se instrument\u00f3 como un espacio de reflexi\u00f3n para avanzar en el desarrollo de las [&hellip;]<\/p>\n","protected":false},"author":4,"featured_media":31959,"comment_status":"closed","ping_status":"closed","sticky":false,"template":"","format":"standard","meta":{"_joinchat":[],"footnotes":""},"categories":[4],"tags":[],"class_list":["post-31958","post","type-post","status-publish","format-standard","has-post-thumbnail","hentry","category-politicas-publicas"],"_links":{"self":[{"href":"https:\/\/www.elpolitologoyelpolitico.com.ar\/wordpress\/wp-json\/wp\/v2\/posts\/31958","targetHints":{"allow":["GET"]}}],"collection":[{"href":"https:\/\/www.elpolitologoyelpolitico.com.ar\/wordpress\/wp-json\/wp\/v2\/posts"}],"about":[{"href":"https:\/\/www.elpolitologoyelpolitico.com.ar\/wordpress\/wp-json\/wp\/v2\/types\/post"}],"author":[{"embeddable":true,"href":"https:\/\/www.elpolitologoyelpolitico.com.ar\/wordpress\/wp-json\/wp\/v2\/users\/4"}],"replies":[{"embeddable":true,"href":"https:\/\/www.elpolitologoyelpolitico.com.ar\/wordpress\/wp-json\/wp\/v2\/comments?post=31958"}],"version-history":[{"count":0,"href":"https:\/\/www.elpolitologoyelpolitico.com.ar\/wordpress\/wp-json\/wp\/v2\/posts\/31958\/revisions"}],"wp:featuredmedia":[{"embeddable":true,"href":"https:\/\/www.elpolitologoyelpolitico.com.ar\/wordpress\/wp-json\/wp\/v2\/media\/31959"}],"wp:attachment":[{"href":"https:\/\/www.elpolitologoyelpolitico.com.ar\/wordpress\/wp-json\/wp\/v2\/media?parent=31958"}],"wp:term":[{"taxonomy":"category","embeddable":true,"href":"https:\/\/www.elpolitologoyelpolitico.com.ar\/wordpress\/wp-json\/wp\/v2\/categories?post=31958"},{"taxonomy":"post_tag","embeddable":true,"href":"https:\/\/www.elpolitologoyelpolitico.com.ar\/wordpress\/wp-json\/wp\/v2\/tags?post=31958"}],"curies":[{"name":"wp","href":"https:\/\/api.w.org\/{rel}","templated":true}]}}