{"id":31913,"date":"2023-06-23T00:05:03","date_gmt":"2023-06-23T00:05:03","guid":{"rendered":"https:\/\/www.elpolitologoyelpolitico.com.ar\/wordpress\/?p=31913"},"modified":"2023-06-23T00:05:05","modified_gmt":"2023-06-23T00:05:05","slug":"se-viene-una-nueva-jornada-preventiva-proba-con-no-probar","status":"publish","type":"post","link":"https:\/\/www.elpolitologoyelpolitico.com.ar\/wordpress\/2023\/06\/23\/se-viene-una-nueva-jornada-preventiva-proba-con-no-probar\/","title":{"rendered":"Se viene una nueva jornada preventiva \u00abProb\u00e1 con no probar\u00bb"},"content":{"rendered":"\n<p>El Centro Municipal de Adicciones, en conjunto con las Direcciones de la Secretar\u00eda de Desarrollo Social y la Fundaci\u00f3n Creando Futuro, llevar\u00e1n a cabo la jornada \u201cProb\u00e1 con no probar\u201d.<\/p>\n\n\n\n<p>Ser\u00e1 entre las 10 y las 12.30 horas en la Plaza 7 de Marzo, de Carmen de Patagones.<\/p>\n\n\n\n<p>La jornada se realizar\u00e1 en el marco del D\u00eda Internacional contra el Tr\u00e1fico Il\u00edcito y Abuso de Drogas y tiene como objetivo visibilizar, concientizar e informar sobre los efectos del consumo de sustancias psicoactivas en la salud psicof\u00edsica.<\/p>\n\n\n\n<p>Para tal fin, se realizar\u00e1n diferentes acciones como actividades deportivas, actividades culturales y la entrega de folleter\u00eda, entre otras.<\/p>\n<div class=\"fb-background-color\">\n\t\t\t  <div \n\t\t\t  \tclass = \"fb-comments\" \n\t\t\t  \tdata-href = \"https:\/\/www.elpolitologoyelpolitico.com.ar\/wordpress\/2023\/06\/23\/se-viene-una-nueva-jornada-preventiva-proba-con-no-probar\/\"\n\t\t\t  \tdata-numposts = \"10\"\n\t\t\t  \tdata-lazy = \"true\"\n\t\t\t\tdata-colorscheme = \"light\"\n\t\t\t\tdata-order-by = \"social\"\n\t\t\t\tdata-mobile=true>\n\t\t\t  <\/div><\/div>\n\t\t  <style>\n\t\t    .fb-background-color {\n\t\t\t\tbackground: #ffffff !important;\n\t\t\t}\n\t\t\t.fb_iframe_widget_fluid_desktop iframe {\n\t\t\t    width: 100% !important;\n\t\t\t}\n\t\t  <\/style>\n\t\t  ","protected":false},"excerpt":{"rendered":"<p>El Centro Municipal de Adicciones, en conjunto con las Direcciones de la Secretar\u00eda de Desarrollo Social y la Fundaci\u00f3n Creando Futuro, llevar\u00e1n a cabo la jornada \u201cProb\u00e1 con no probar\u201d. Ser\u00e1 entre las 10 y las 12.30 horas en la Plaza 7 de Marzo, de Carmen de Patagones. La jornada se realizar\u00e1 en el marco [&hellip;]<\/p>\n","protected":false},"author":4,"featured_media":31914,"comment_status":"closed","ping_status":"closed","sticky":false,"template":"","format":"standard","meta":{"_joinchat":[],"footnotes":""},"categories":[4],"tags":[],"class_list":["post-31913","post","type-post","status-publish","format-standard","has-post-thumbnail","hentry","category-politicas-publicas"],"_links":{"self":[{"href":"https:\/\/www.elpolitologoyelpolitico.com.ar\/wordpress\/wp-json\/wp\/v2\/posts\/31913","targetHints":{"allow":["GET"]}}],"collection":[{"href":"https:\/\/www.elpolitologoyelpolitico.com.ar\/wordpress\/wp-json\/wp\/v2\/posts"}],"about":[{"href":"https:\/\/www.elpolitologoyelpolitico.com.ar\/wordpress\/wp-json\/wp\/v2\/types\/post"}],"author":[{"embeddable":true,"href":"https:\/\/www.elpolitologoyelpolitico.com.ar\/wordpress\/wp-json\/wp\/v2\/users\/4"}],"replies":[{"embeddable":true,"href":"https:\/\/www.elpolitologoyelpolitico.com.ar\/wordpress\/wp-json\/wp\/v2\/comments?post=31913"}],"version-history":[{"count":0,"href":"https:\/\/www.elpolitologoyelpolitico.com.ar\/wordpress\/wp-json\/wp\/v2\/posts\/31913\/revisions"}],"wp:featuredmedia":[{"embeddable":true,"href":"https:\/\/www.elpolitologoyelpolitico.com.ar\/wordpress\/wp-json\/wp\/v2\/media\/31914"}],"wp:attachment":[{"href":"https:\/\/www.elpolitologoyelpolitico.com.ar\/wordpress\/wp-json\/wp\/v2\/media?parent=31913"}],"wp:term":[{"taxonomy":"category","embeddable":true,"href":"https:\/\/www.elpolitologoyelpolitico.com.ar\/wordpress\/wp-json\/wp\/v2\/categories?post=31913"},{"taxonomy":"post_tag","embeddable":true,"href":"https:\/\/www.elpolitologoyelpolitico.com.ar\/wordpress\/wp-json\/wp\/v2\/tags?post=31913"}],"curies":[{"name":"wp","href":"https:\/\/api.w.org\/{rel}","templated":true}]}}