{"id":31878,"date":"2023-06-21T19:33:40","date_gmt":"2023-06-21T19:33:40","guid":{"rendered":"https:\/\/www.elpolitologoyelpolitico.com.ar\/wordpress\/?p=31878"},"modified":"2023-06-21T19:33:41","modified_gmt":"2023-06-21T19:33:41","slug":"el-pts-rio-negro-definio-sus-precandidaturas-dentro-del-frente-de-izquierda","status":"publish","type":"post","link":"https:\/\/www.elpolitologoyelpolitico.com.ar\/wordpress\/2023\/06\/21\/el-pts-rio-negro-definio-sus-precandidaturas-dentro-del-frente-de-izquierda\/","title":{"rendered":"El PTS R\u00edo Negro defini\u00f3 sus precandidaturas dentro del Frente de Izquierda"},"content":{"rendered":"\n<p>Alhue Gavuzzo y Cecilia Carrasco acompa\u00f1aran la lista del Frente de Izquierda y de Trabajadores que encabezar\u00e1 Myriam Bregman y Nicolas del Ca\u00f1o a nivel nacional en las PASO.<\/p>\n\n\n\n<p>Los candidatos de R\u00edo Negro acompa\u00f1aran la lista nacional que encabezar\u00e1 Myriam Bregman y Nicolas del Ca\u00f1o. El PTS en un plenario regional eligi\u00f3 a Alhue Gavuzzo, bi\u00f3loga de Conicet Bariloche, delegada de base de ATE y de una trayectoria militante en defensa del ambiente, los territorios y las comunidades mapuche. Tambi\u00e9n fue elegida para compartir la lista Cecilia Carrasco, docente universitaria del Comahue.<\/p>\n\n\n\n<p>A prop\u00f3sito de estas precandidaturas, Alhue Gavuzzo se refiri\u00f3 al contexto en que se abrir\u00e1 la campa\u00f1a electoral: \u00abmientras las grandes coaliciones nacionales y Juntos Somos R\u00edo Negro se debaten en internas, todas concuerdan que el plan a futuro es con m\u00e1s extractivismo al servicio de las multinacionales y con m\u00e1s ajuste a pedido del FMI. Pero la lucha de Jujuy que une a docente, trabajadores estatales y parte del sector privado, junto a las comunidades originarias, contra la Convenci\u00f3n de Gerardo Morales y el PJ, muestra que hay resistencia a esos planes\u00bb.<\/p>\n\n\n\n<p>Por su parte Cecilia Carrasco se refiri\u00f3 al tipo de campa\u00f1a que se har\u00e1 en la provincia: \u00bb estamos muy orgullosas de compartir la lista adem\u00e1s con Alejandro Vilca, un referente obrero y de origen Coya que est\u00e1 siendo parte de la enorme lucha del pueblo de Jujuy, en todo R\u00edo Negro hay miles de docentes, hospitalarios, estatales, estudiantes y de los pueblos originarios que miran con agrado la lucha juje\u00f1a por eso participaremos activamente del paro de CTERA-UnTER y de las acciones de solidaridad y en defensa de la protesta de Jujuy\u00bb.<\/p>\n\n\n\n<p>Por \u00daltimo Alhue dijo: \u201cqueremos poder expresar las necesidades de les trabajadores, de los problemas m\u00e1s profundos de los rionegrinos, de las que no hablan ninguna de las fuerzas pol\u00edticas que gobiernan para los grandes empresarios y terratenientes, tenemos un enorme desaf\u00edo de que la izquierda se a una referencia y una voz de las luchas por venir y a eso invitamos a todes a ser parte de los comit\u00e9s de campa\u00f1a en toda la provincia para pelear por una salida por izquierda a la crisis.<\/p>\n\n\n\n<figure class=\"wp-block-gallery has-nested-images columns-default is-cropped wp-block-gallery-1 is-layout-flex wp-block-gallery-is-layout-flex\">\n<figure class=\"wp-block-image size-large\"><img fetchpriority=\"high\" decoding=\"async\" width=\"1024\" height=\"576\" data-id=\"31881\" src=\"https:\/\/www.elpolitologoyelpolitico.com.ar\/wp-content\/uploads\/2023\/06\/IMG-20230621-WA0023-1024x576.jpg\" alt=\"\" class=\"wp-image-31881\" srcset=\"https:\/\/www.elpolitologoyelpolitico.com.ar\/wp-content\/uploads\/2023\/06\/IMG-20230621-WA0023-1024x576.jpg 1024w, https:\/\/www.elpolitologoyelpolitico.com.ar\/wp-content\/uploads\/2023\/06\/IMG-20230621-WA0023-300x169.jpg 300w, https:\/\/www.elpolitologoyelpolitico.com.ar\/wp-content\/uploads\/2023\/06\/IMG-20230621-WA0023-768x432.jpg 768w, https:\/\/www.elpolitologoyelpolitico.com.ar\/wp-content\/uploads\/2023\/06\/IMG-20230621-WA0023-1536x864.jpg 1536w, https:\/\/www.elpolitologoyelpolitico.com.ar\/wp-content\/uploads\/2023\/06\/IMG-20230621-WA0023.jpg 1600w\" sizes=\"(max-width: 1024px) 100vw, 1024px\" \/><\/figure>\n<\/figure>\n<div class=\"fb-background-color\">\n\t\t\t  <div \n\t\t\t  \tclass = \"fb-comments\" \n\t\t\t  \tdata-href = \"https:\/\/www.elpolitologoyelpolitico.com.ar\/wordpress\/2023\/06\/21\/el-pts-rio-negro-definio-sus-precandidaturas-dentro-del-frente-de-izquierda\/\"\n\t\t\t  \tdata-numposts = \"10\"\n\t\t\t  \tdata-lazy = \"true\"\n\t\t\t\tdata-colorscheme = \"light\"\n\t\t\t\tdata-order-by = \"social\"\n\t\t\t\tdata-mobile=true>\n\t\t\t  <\/div><\/div>\n\t\t  <style>\n\t\t    .fb-background-color {\n\t\t\t\tbackground: #ffffff !important;\n\t\t\t}\n\t\t\t.fb_iframe_widget_fluid_desktop iframe {\n\t\t\t    width: 100% !important;\n\t\t\t}\n\t\t  <\/style>\n\t\t  ","protected":false},"excerpt":{"rendered":"<p>Alhue Gavuzzo y Cecilia Carrasco acompa\u00f1aran la lista del Frente de Izquierda y de Trabajadores que encabezar\u00e1 Myriam Bregman y Nicolas del Ca\u00f1o a nivel nacional en las PASO. Los candidatos de R\u00edo Negro acompa\u00f1aran la lista nacional que encabezar\u00e1 Myriam Bregman y Nicolas del Ca\u00f1o. El PTS en un plenario regional eligi\u00f3 a Alhue [&hellip;]<\/p>\n","protected":false},"author":4,"featured_media":31880,"comment_status":"closed","ping_status":"closed","sticky":false,"template":"","format":"standard","meta":{"_joinchat":[],"footnotes":""},"categories":[38],"tags":[],"class_list":["post-31878","post","type-post","status-publish","format-standard","has-post-thumbnail","hentry","category-elecciones"],"_links":{"self":[{"href":"https:\/\/www.elpolitologoyelpolitico.com.ar\/wordpress\/wp-json\/wp\/v2\/posts\/31878","targetHints":{"allow":["GET"]}}],"collection":[{"href":"https:\/\/www.elpolitologoyelpolitico.com.ar\/wordpress\/wp-json\/wp\/v2\/posts"}],"about":[{"href":"https:\/\/www.elpolitologoyelpolitico.com.ar\/wordpress\/wp-json\/wp\/v2\/types\/post"}],"author":[{"embeddable":true,"href":"https:\/\/www.elpolitologoyelpolitico.com.ar\/wordpress\/wp-json\/wp\/v2\/users\/4"}],"replies":[{"embeddable":true,"href":"https:\/\/www.elpolitologoyelpolitico.com.ar\/wordpress\/wp-json\/wp\/v2\/comments?post=31878"}],"version-history":[{"count":0,"href":"https:\/\/www.elpolitologoyelpolitico.com.ar\/wordpress\/wp-json\/wp\/v2\/posts\/31878\/revisions"}],"wp:featuredmedia":[{"embeddable":true,"href":"https:\/\/www.elpolitologoyelpolitico.com.ar\/wordpress\/wp-json\/wp\/v2\/media\/31880"}],"wp:attachment":[{"href":"https:\/\/www.elpolitologoyelpolitico.com.ar\/wordpress\/wp-json\/wp\/v2\/media?parent=31878"}],"wp:term":[{"taxonomy":"category","embeddable":true,"href":"https:\/\/www.elpolitologoyelpolitico.com.ar\/wordpress\/wp-json\/wp\/v2\/categories?post=31878"},{"taxonomy":"post_tag","embeddable":true,"href":"https:\/\/www.elpolitologoyelpolitico.com.ar\/wordpress\/wp-json\/wp\/v2\/tags?post=31878"}],"curies":[{"name":"wp","href":"https:\/\/api.w.org\/{rel}","templated":true}]}}