{"id":31866,"date":"2023-06-21T18:00:55","date_gmt":"2023-06-21T18:00:55","guid":{"rendered":"https:\/\/www.elpolitologoyelpolitico.com.ar\/wordpress\/?p=31866"},"modified":"2023-06-21T18:00:57","modified_gmt":"2023-06-21T18:00:57","slug":"el-intendente-zara-concreto-la-firma-para-la-reactivacion-de-las-obras-de-viviendas-del-programa-un-lote-una-vivienda","status":"publish","type":"post","link":"https:\/\/www.elpolitologoyelpolitico.com.ar\/wordpress\/2023\/06\/21\/el-intendente-zara-concreto-la-firma-para-la-reactivacion-de-las-obras-de-viviendas-del-programa-un-lote-una-vivienda\/","title":{"rendered":"El Intendente Zara concret\u00f3 la firma para la reactivaci\u00f3n de las obras de viviendas del programa \u201cUn lote, una vivienda\u201d."},"content":{"rendered":"\n<p>El Intendente Municipal, Ing. Jos\u00e9 Luis Zara, firm\u00f3 los contratos para la reanudaci\u00f3n de la construcci\u00f3n de viviendas en el desarrollo social del programa \u201cUn lote, una vivienda.<br>Se trata de 12 m\u00f3dulos habitacionales, a cargo de la empresa EL MARAL S.A., y de 14 que ser\u00e1n construidas por la firma NANO S.A.<\/p>\n\n\n\n<p>Los contratos se firmaron en el marco de la sesi\u00f3n de la obra por parte de la empresa Construcciones Normalizadas que, por cuestiones econ\u00f3micas, no pudo continuar con los trabajos.<\/p>\n\n\n\n<p>Esta nueva instancia es financiada por el Instituto de la Vivienda de la Provincia de Buenos Aires.<\/p>\n\n\n\n<p>El jefe comunal estuvo acompa\u00f1ado por el Jefe de Gabinete, Fabio Bettinelli, y el Secretario de Hacienda, Ricardo Teller\u00eda.<\/p>\n\n\n\n<figure class=\"wp-block-image size-large\"><img fetchpriority=\"high\" decoding=\"async\" width=\"1024\" height=\"683\" src=\"https:\/\/www.elpolitologoyelpolitico.com.ar\/wp-content\/uploads\/2023\/06\/IMG-20230621-WA0018-1024x683.jpg\" alt=\"\" class=\"wp-image-31868\" srcset=\"https:\/\/www.elpolitologoyelpolitico.com.ar\/wp-content\/uploads\/2023\/06\/IMG-20230621-WA0018-1024x683.jpg 1024w, https:\/\/www.elpolitologoyelpolitico.com.ar\/wp-content\/uploads\/2023\/06\/IMG-20230621-WA0018-300x200.jpg 300w, https:\/\/www.elpolitologoyelpolitico.com.ar\/wp-content\/uploads\/2023\/06\/IMG-20230621-WA0018-768x512.jpg 768w, https:\/\/www.elpolitologoyelpolitico.com.ar\/wp-content\/uploads\/2023\/06\/IMG-20230621-WA0018.jpg 1500w\" sizes=\"(max-width: 1024px) 100vw, 1024px\" \/><\/figure>\n<div class=\"fb-background-color\">\n\t\t\t  <div \n\t\t\t  \tclass = \"fb-comments\" \n\t\t\t  \tdata-href = \"https:\/\/www.elpolitologoyelpolitico.com.ar\/wordpress\/2023\/06\/21\/el-intendente-zara-concreto-la-firma-para-la-reactivacion-de-las-obras-de-viviendas-del-programa-un-lote-una-vivienda\/\"\n\t\t\t  \tdata-numposts = \"10\"\n\t\t\t  \tdata-lazy = \"true\"\n\t\t\t\tdata-colorscheme = \"light\"\n\t\t\t\tdata-order-by = \"social\"\n\t\t\t\tdata-mobile=true>\n\t\t\t  <\/div><\/div>\n\t\t  <style>\n\t\t    .fb-background-color {\n\t\t\t\tbackground: #ffffff !important;\n\t\t\t}\n\t\t\t.fb_iframe_widget_fluid_desktop iframe {\n\t\t\t    width: 100% !important;\n\t\t\t}\n\t\t  <\/style>\n\t\t  ","protected":false},"excerpt":{"rendered":"<p>El Intendente Municipal, Ing. Jos\u00e9 Luis Zara, firm\u00f3 los contratos para la reanudaci\u00f3n de la construcci\u00f3n de viviendas en el desarrollo social del programa \u201cUn lote, una vivienda.Se trata de 12 m\u00f3dulos habitacionales, a cargo de la empresa EL MARAL S.A., y de 14 que ser\u00e1n construidas por la firma NANO S.A. Los contratos se [&hellip;]<\/p>\n","protected":false},"author":4,"featured_media":31867,"comment_status":"closed","ping_status":"closed","sticky":false,"template":"","format":"standard","meta":{"_joinchat":[],"footnotes":""},"categories":[4],"tags":[],"class_list":["post-31866","post","type-post","status-publish","format-standard","has-post-thumbnail","hentry","category-politicas-publicas"],"_links":{"self":[{"href":"https:\/\/www.elpolitologoyelpolitico.com.ar\/wordpress\/wp-json\/wp\/v2\/posts\/31866","targetHints":{"allow":["GET"]}}],"collection":[{"href":"https:\/\/www.elpolitologoyelpolitico.com.ar\/wordpress\/wp-json\/wp\/v2\/posts"}],"about":[{"href":"https:\/\/www.elpolitologoyelpolitico.com.ar\/wordpress\/wp-json\/wp\/v2\/types\/post"}],"author":[{"embeddable":true,"href":"https:\/\/www.elpolitologoyelpolitico.com.ar\/wordpress\/wp-json\/wp\/v2\/users\/4"}],"replies":[{"embeddable":true,"href":"https:\/\/www.elpolitologoyelpolitico.com.ar\/wordpress\/wp-json\/wp\/v2\/comments?post=31866"}],"version-history":[{"count":0,"href":"https:\/\/www.elpolitologoyelpolitico.com.ar\/wordpress\/wp-json\/wp\/v2\/posts\/31866\/revisions"}],"wp:featuredmedia":[{"embeddable":true,"href":"https:\/\/www.elpolitologoyelpolitico.com.ar\/wordpress\/wp-json\/wp\/v2\/media\/31867"}],"wp:attachment":[{"href":"https:\/\/www.elpolitologoyelpolitico.com.ar\/wordpress\/wp-json\/wp\/v2\/media?parent=31866"}],"wp:term":[{"taxonomy":"category","embeddable":true,"href":"https:\/\/www.elpolitologoyelpolitico.com.ar\/wordpress\/wp-json\/wp\/v2\/categories?post=31866"},{"taxonomy":"post_tag","embeddable":true,"href":"https:\/\/www.elpolitologoyelpolitico.com.ar\/wordpress\/wp-json\/wp\/v2\/tags?post=31866"}],"curies":[{"name":"wp","href":"https:\/\/api.w.org\/{rel}","templated":true}]}}