{"id":31841,"date":"2023-06-20T02:31:03","date_gmt":"2023-06-20T02:31:03","guid":{"rendered":"https:\/\/www.elpolitologoyelpolitico.com.ar\/wordpress\/?p=31841"},"modified":"2023-06-20T02:31:05","modified_gmt":"2023-06-20T02:31:05","slug":"rio-negro-danza-continua-abierto-el-registro-para-trabajadores-del-sector","status":"publish","type":"post","link":"https:\/\/www.elpolitologoyelpolitico.com.ar\/wordpress\/2023\/06\/20\/rio-negro-danza-continua-abierto-el-registro-para-trabajadores-del-sector\/","title":{"rendered":"R\u00edo Negro Danza: contin\u00faa abierto el registro para trabajadores del sector"},"content":{"rendered":"\n<p>En el marco del programa R\u00edo Negro Danza de la Secretar\u00eda de Estado de Cultura se encuentra abierto en danza.rionegro.gov.ar el registro \u00fanico de los trabajadores y trabajadoras de las danzas rionegrinas con el fin de construir un mapa de dicha actividad dentro de la provincia.<\/p>\n\n\n\n<p>El programa se desarrolla en el marco de una pol\u00edtica p\u00fablica cultural que se propone visibilizar, revalorizar y potenciar el patrimonio hist\u00f3rico, presente y futuro de la actividad cultural identitaria rionegrina a trav\u00e9s de la generaci\u00f3n de redes y oportunidades en toda la provincia.<\/p>\n\n\n\n<p>En este sentido, el sitio web&nbsp;http:\/\/danza.rionegro.gov.ar&nbsp;permite que cada hacedor y hacedora cultural de la danza pueda registrarse para formar parte del mapa del sector en el que se visualizar\u00e1n sus proyectos, perfiles y locaciones.<\/p>\n\n\n\n<p>De esta manera el Gobierno de R\u00edo Negro, a trav\u00e9s de la Secretar\u00eda de Estado de Cultura, contin\u00faa con el fortalecimiento de todos los sectores del campo cultural rionegrino.<\/p>\n<div class=\"fb-background-color\">\n\t\t\t  <div \n\t\t\t  \tclass = \"fb-comments\" \n\t\t\t  \tdata-href = \"https:\/\/www.elpolitologoyelpolitico.com.ar\/wordpress\/2023\/06\/20\/rio-negro-danza-continua-abierto-el-registro-para-trabajadores-del-sector\/\"\n\t\t\t  \tdata-numposts = \"10\"\n\t\t\t  \tdata-lazy = \"true\"\n\t\t\t\tdata-colorscheme = \"light\"\n\t\t\t\tdata-order-by = \"social\"\n\t\t\t\tdata-mobile=true>\n\t\t\t  <\/div><\/div>\n\t\t  <style>\n\t\t    .fb-background-color {\n\t\t\t\tbackground: #ffffff !important;\n\t\t\t}\n\t\t\t.fb_iframe_widget_fluid_desktop iframe {\n\t\t\t    width: 100% !important;\n\t\t\t}\n\t\t  <\/style>\n\t\t  ","protected":false},"excerpt":{"rendered":"<p>En el marco del programa R\u00edo Negro Danza de la Secretar\u00eda de Estado de Cultura se encuentra abierto en danza.rionegro.gov.ar el registro \u00fanico de los trabajadores y trabajadoras de las danzas rionegrinas con el fin de construir un mapa de dicha actividad dentro de la provincia. El programa se desarrolla en el marco de una [&hellip;]<\/p>\n","protected":false},"author":4,"featured_media":31842,"comment_status":"closed","ping_status":"closed","sticky":false,"template":"","format":"standard","meta":{"_joinchat":[],"footnotes":""},"categories":[4],"tags":[],"class_list":["post-31841","post","type-post","status-publish","format-standard","has-post-thumbnail","hentry","category-politicas-publicas"],"_links":{"self":[{"href":"https:\/\/www.elpolitologoyelpolitico.com.ar\/wordpress\/wp-json\/wp\/v2\/posts\/31841","targetHints":{"allow":["GET"]}}],"collection":[{"href":"https:\/\/www.elpolitologoyelpolitico.com.ar\/wordpress\/wp-json\/wp\/v2\/posts"}],"about":[{"href":"https:\/\/www.elpolitologoyelpolitico.com.ar\/wordpress\/wp-json\/wp\/v2\/types\/post"}],"author":[{"embeddable":true,"href":"https:\/\/www.elpolitologoyelpolitico.com.ar\/wordpress\/wp-json\/wp\/v2\/users\/4"}],"replies":[{"embeddable":true,"href":"https:\/\/www.elpolitologoyelpolitico.com.ar\/wordpress\/wp-json\/wp\/v2\/comments?post=31841"}],"version-history":[{"count":0,"href":"https:\/\/www.elpolitologoyelpolitico.com.ar\/wordpress\/wp-json\/wp\/v2\/posts\/31841\/revisions"}],"wp:featuredmedia":[{"embeddable":true,"href":"https:\/\/www.elpolitologoyelpolitico.com.ar\/wordpress\/wp-json\/wp\/v2\/media\/31842"}],"wp:attachment":[{"href":"https:\/\/www.elpolitologoyelpolitico.com.ar\/wordpress\/wp-json\/wp\/v2\/media?parent=31841"}],"wp:term":[{"taxonomy":"category","embeddable":true,"href":"https:\/\/www.elpolitologoyelpolitico.com.ar\/wordpress\/wp-json\/wp\/v2\/categories?post=31841"},{"taxonomy":"post_tag","embeddable":true,"href":"https:\/\/www.elpolitologoyelpolitico.com.ar\/wordpress\/wp-json\/wp\/v2\/tags?post=31841"}],"curies":[{"name":"wp","href":"https:\/\/api.w.org\/{rel}","templated":true}]}}