{"id":31821,"date":"2023-06-19T02:42:57","date_gmt":"2023-06-19T02:42:57","guid":{"rendered":"https:\/\/www.elpolitologoyelpolitico.com.ar\/wordpress\/?p=31821"},"modified":"2023-06-19T02:42:59","modified_gmt":"2023-06-19T02:42:59","slug":"docentes-rionegrinos-se-capacitaron-en-energia-ambiente-e-hidrogeno","status":"publish","type":"post","link":"https:\/\/www.elpolitologoyelpolitico.com.ar\/wordpress\/2023\/06\/19\/docentes-rionegrinos-se-capacitaron-en-energia-ambiente-e-hidrogeno\/","title":{"rendered":"Docentes rionegrinos se capacitaron en Energ\u00eda, Ambiente e Hidr\u00f3geno"},"content":{"rendered":"\n<p>El Ministerio de Educaci\u00f3n y Derechos Humanos finaliz\u00f3 ayer, viernes, la propuesta de capacitaci\u00f3n presencial sobre Energ\u00eda, Ambiente e Hidr\u00f3geno, de la que participaron docentes de escuelas de Educaci\u00f3n T\u00e9cnico Profesional (ETP), y que tuvo lugar en el Instituto Balseiro, de San Carlos de Bariloche.<\/p>\n\n\n\n<p>La propuesta tuvo el objetivo de preparar a las y los docentes para transmitir conocimientos t\u00e9cnicos y promover la actualizaci\u00f3n tecnol\u00f3gica relacionada al uso de energ\u00eda, el cuidado del ambiente, y el hidr\u00f3geno como vector para la transici\u00f3n energ\u00e9tica.<\/p>\n\n\n\n<p>La etapa presencial estuvo a cargo de diferentes especialistas de la Comisi\u00f3n Nacional de Energ\u00eda At\u00f3mica, Fundaci\u00f3n Bariloche, y la ONG 500RPM, y se desarroll\u00f3 a lo largo de una semana.<\/p>\n\n\n\n<p>En esta instancia las y los participantes accedieron a realizar pr\u00e1cticas con kits de hidr\u00f3geno que Fundaci\u00f3n Siemens donar\u00e1 a las instituciones educativas de los y las docentes que participaron, a trav\u00e9s del cual, tanto estudiantes como docentes, podr\u00e1n experimentar sobre el uso y las aplicaciones del hidr\u00f3geno.<\/p>\n\n\n\n<p>Esta propuesta de formaci\u00f3n culminar\u00e1 el mes que viene, cuando las y los participantes deber\u00e1n entregar un documento realizado en funci\u00f3n de lo intercambiado en esta instancia presencial, que se centrar\u00e1 en la elaboraci\u00f3n y puesta en pr\u00e1ctica de un trabajo con estudiantes, que involucre los conocimientos adquiridos durante las jornadas.<\/p>\n\n\n\n<p>La actividad cont\u00f3 con la colaboraci\u00f3n, en todo lo referente a la parte acad\u00e9mica, del Instituto Balseiro, d\u00e1ndole un gran valor intelectual a la actividad. Asimismo, tuvo el apoyo de la Fundaci\u00f3n Siemens, y cont\u00f3 con la presencia de representantes de la Fundaci\u00f3n Pampa Energy, UTN, INVAP y la Municipalidad local. Adem\u00e1s, cont\u00f3 con la coordinaci\u00f3n de la secretaria de Extensi\u00f3n y Cultura Cient\u00edfica del instituto Balseiro, Patricia Meteos, que organiz\u00f3 las charlas con las personas especialistas y acompa\u00f1\u00f3 las distintas actividades a lo largo de la semana.<\/p>\n\n\n\n<figure class=\"wp-block-image size-large\"><img fetchpriority=\"high\" decoding=\"async\" width=\"1024\" height=\"576\" src=\"https:\/\/www.elpolitologoyelpolitico.com.ar\/wp-content\/uploads\/2023\/06\/IMG-20230618-WA0017-1024x576.jpg\" alt=\"\" class=\"wp-image-31823\" srcset=\"https:\/\/www.elpolitologoyelpolitico.com.ar\/wp-content\/uploads\/2023\/06\/IMG-20230618-WA0017-1024x576.jpg 1024w, https:\/\/www.elpolitologoyelpolitico.com.ar\/wp-content\/uploads\/2023\/06\/IMG-20230618-WA0017-300x169.jpg 300w, https:\/\/www.elpolitologoyelpolitico.com.ar\/wp-content\/uploads\/2023\/06\/IMG-20230618-WA0017-768x432.jpg 768w, https:\/\/www.elpolitologoyelpolitico.com.ar\/wp-content\/uploads\/2023\/06\/IMG-20230618-WA0017.jpg 1408w\" sizes=\"(max-width: 1024px) 100vw, 1024px\" \/><\/figure>\n<div class=\"fb-background-color\">\n\t\t\t  <div \n\t\t\t  \tclass = \"fb-comments\" \n\t\t\t  \tdata-href = \"https:\/\/www.elpolitologoyelpolitico.com.ar\/wordpress\/2023\/06\/19\/docentes-rionegrinos-se-capacitaron-en-energia-ambiente-e-hidrogeno\/\"\n\t\t\t  \tdata-numposts = \"10\"\n\t\t\t  \tdata-lazy = \"true\"\n\t\t\t\tdata-colorscheme = \"light\"\n\t\t\t\tdata-order-by = \"social\"\n\t\t\t\tdata-mobile=true>\n\t\t\t  <\/div><\/div>\n\t\t  <style>\n\t\t    .fb-background-color {\n\t\t\t\tbackground: #ffffff !important;\n\t\t\t}\n\t\t\t.fb_iframe_widget_fluid_desktop iframe {\n\t\t\t    width: 100% !important;\n\t\t\t}\n\t\t  <\/style>\n\t\t  ","protected":false},"excerpt":{"rendered":"<p>El Ministerio de Educaci\u00f3n y Derechos Humanos finaliz\u00f3 ayer, viernes, la propuesta de capacitaci\u00f3n presencial sobre Energ\u00eda, Ambiente e Hidr\u00f3geno, de la que participaron docentes de escuelas de Educaci\u00f3n T\u00e9cnico Profesional (ETP), y que tuvo lugar en el Instituto Balseiro, de San Carlos de Bariloche. La propuesta tuvo el objetivo de preparar a las y [&hellip;]<\/p>\n","protected":false},"author":4,"featured_media":31822,"comment_status":"closed","ping_status":"closed","sticky":false,"template":"","format":"standard","meta":{"_joinchat":[],"footnotes":""},"categories":[4],"tags":[],"class_list":["post-31821","post","type-post","status-publish","format-standard","has-post-thumbnail","hentry","category-politicas-publicas"],"_links":{"self":[{"href":"https:\/\/www.elpolitologoyelpolitico.com.ar\/wordpress\/wp-json\/wp\/v2\/posts\/31821","targetHints":{"allow":["GET"]}}],"collection":[{"href":"https:\/\/www.elpolitologoyelpolitico.com.ar\/wordpress\/wp-json\/wp\/v2\/posts"}],"about":[{"href":"https:\/\/www.elpolitologoyelpolitico.com.ar\/wordpress\/wp-json\/wp\/v2\/types\/post"}],"author":[{"embeddable":true,"href":"https:\/\/www.elpolitologoyelpolitico.com.ar\/wordpress\/wp-json\/wp\/v2\/users\/4"}],"replies":[{"embeddable":true,"href":"https:\/\/www.elpolitologoyelpolitico.com.ar\/wordpress\/wp-json\/wp\/v2\/comments?post=31821"}],"version-history":[{"count":0,"href":"https:\/\/www.elpolitologoyelpolitico.com.ar\/wordpress\/wp-json\/wp\/v2\/posts\/31821\/revisions"}],"wp:featuredmedia":[{"embeddable":true,"href":"https:\/\/www.elpolitologoyelpolitico.com.ar\/wordpress\/wp-json\/wp\/v2\/media\/31822"}],"wp:attachment":[{"href":"https:\/\/www.elpolitologoyelpolitico.com.ar\/wordpress\/wp-json\/wp\/v2\/media?parent=31821"}],"wp:term":[{"taxonomy":"category","embeddable":true,"href":"https:\/\/www.elpolitologoyelpolitico.com.ar\/wordpress\/wp-json\/wp\/v2\/categories?post=31821"},{"taxonomy":"post_tag","embeddable":true,"href":"https:\/\/www.elpolitologoyelpolitico.com.ar\/wordpress\/wp-json\/wp\/v2\/tags?post=31821"}],"curies":[{"name":"wp","href":"https:\/\/api.w.org\/{rel}","templated":true}]}}