{"id":31816,"date":"2023-06-19T02:30:57","date_gmt":"2023-06-19T02:30:57","guid":{"rendered":"https:\/\/www.elpolitologoyelpolitico.com.ar\/wordpress\/?p=31816"},"modified":"2023-06-19T02:30:58","modified_gmt":"2023-06-19T02:30:58","slug":"importante-repercusion-del-programa-conciencia-corporal-a-traves-del-stretching-global-activo","status":"publish","type":"post","link":"https:\/\/www.elpolitologoyelpolitico.com.ar\/wordpress\/2023\/06\/19\/importante-repercusion-del-programa-conciencia-corporal-a-traves-del-stretching-global-activo\/","title":{"rendered":"Importante repercusi\u00f3n del programa \u201cConciencia corporal a trav\u00e9s del Stretching global activo"},"content":{"rendered":"\n<p>La oficina municipal de g\u00e9nero, dependiente de la Direcci\u00f3n de Ni\u00f1ez, Adolescencia, Juventud y G\u00e9nero, contin\u00faa con el programa \u201cConciencia corporal a trav\u00e9s del SGA\u00bb (Stretching global activo).<\/p>\n\n\n\n<p>Esta semana, la propuesta recorri\u00f3 las localidades del Interior: Bah\u00eda San Blas y Stroeder, con una importante repercusi\u00f3n.<\/p>\n\n\n\n<p>El taller est\u00e1 orientado a mujeres mayores de 18 a\u00f1os y est\u00e1 basado en dictar clases de SGA para que cada participante tome conciencia sobre su cuerpo. A partir del estiramiento y autopostura, con t\u00e9cnicas respiratorias, las participantes comenzar\u00e1n a tomar conciencia de su cuerpo f\u00edsico.<\/p>\n\n\n\n<p>El objetivo es lograr confianza en una misma, identidad de grupo y generar redes de apoyo.<\/p>\n\n\n\n<p>En Carmen de Patagones, el taller funciona los lunes y viernes de 14 a 15.30 horas, en el Sal\u00f3n de Usos M\u00faltiples del Centro Integrador Comunitario. Para las localidades del Interior, se informar\u00e1 mediante canales oficiales los d\u00edas, horarios y lugares, tanto de Villalonga, como de Stroeder y Bah\u00eda San Blas.<\/p>\n\n\n\n<figure class=\"wp-block-gallery has-nested-images columns-default is-cropped wp-block-gallery-1 is-layout-flex wp-block-gallery-is-layout-flex\">\n<figure class=\"wp-block-image size-large\"><img fetchpriority=\"high\" decoding=\"async\" width=\"720\" height=\"324\" data-id=\"31818\" src=\"https:\/\/www.elpolitologoyelpolitico.com.ar\/wp-content\/uploads\/2023\/06\/IMG-20230618-WA0016.jpg\" alt=\"\" class=\"wp-image-31818\" srcset=\"https:\/\/www.elpolitologoyelpolitico.com.ar\/wp-content\/uploads\/2023\/06\/IMG-20230618-WA0016.jpg 720w, https:\/\/www.elpolitologoyelpolitico.com.ar\/wp-content\/uploads\/2023\/06\/IMG-20230618-WA0016-300x135.jpg 300w\" sizes=\"(max-width: 720px) 100vw, 720px\" \/><\/figure>\n\n\n\n<figure class=\"wp-block-image size-large\"><img decoding=\"async\" width=\"720\" height=\"405\" data-id=\"31819\" src=\"https:\/\/www.elpolitologoyelpolitico.com.ar\/wp-content\/uploads\/2023\/06\/IMG-20230618-WA0015.jpg\" alt=\"\" class=\"wp-image-31819\" srcset=\"https:\/\/www.elpolitologoyelpolitico.com.ar\/wp-content\/uploads\/2023\/06\/IMG-20230618-WA0015.jpg 720w, https:\/\/www.elpolitologoyelpolitico.com.ar\/wp-content\/uploads\/2023\/06\/IMG-20230618-WA0015-300x169.jpg 300w\" sizes=\"(max-width: 720px) 100vw, 720px\" \/><\/figure>\n<\/figure>\n<div class=\"fb-background-color\">\n\t\t\t  <div \n\t\t\t  \tclass = \"fb-comments\" \n\t\t\t  \tdata-href = \"https:\/\/www.elpolitologoyelpolitico.com.ar\/wordpress\/2023\/06\/19\/importante-repercusion-del-programa-conciencia-corporal-a-traves-del-stretching-global-activo\/\"\n\t\t\t  \tdata-numposts = \"10\"\n\t\t\t  \tdata-lazy = \"true\"\n\t\t\t\tdata-colorscheme = \"light\"\n\t\t\t\tdata-order-by = \"social\"\n\t\t\t\tdata-mobile=true>\n\t\t\t  <\/div><\/div>\n\t\t  <style>\n\t\t    .fb-background-color {\n\t\t\t\tbackground: #ffffff !important;\n\t\t\t}\n\t\t\t.fb_iframe_widget_fluid_desktop iframe {\n\t\t\t    width: 100% !important;\n\t\t\t}\n\t\t  <\/style>\n\t\t  ","protected":false},"excerpt":{"rendered":"<p>La oficina municipal de g\u00e9nero, dependiente de la Direcci\u00f3n de Ni\u00f1ez, Adolescencia, Juventud y G\u00e9nero, contin\u00faa con el programa \u201cConciencia corporal a trav\u00e9s del SGA\u00bb (Stretching global activo). Esta semana, la propuesta recorri\u00f3 las localidades del Interior: Bah\u00eda San Blas y Stroeder, con una importante repercusi\u00f3n. El taller est\u00e1 orientado a mujeres mayores de 18 [&hellip;]<\/p>\n","protected":false},"author":4,"featured_media":31817,"comment_status":"closed","ping_status":"closed","sticky":false,"template":"","format":"standard","meta":{"_joinchat":[],"footnotes":""},"categories":[4],"tags":[],"class_list":["post-31816","post","type-post","status-publish","format-standard","has-post-thumbnail","hentry","category-politicas-publicas"],"_links":{"self":[{"href":"https:\/\/www.elpolitologoyelpolitico.com.ar\/wordpress\/wp-json\/wp\/v2\/posts\/31816","targetHints":{"allow":["GET"]}}],"collection":[{"href":"https:\/\/www.elpolitologoyelpolitico.com.ar\/wordpress\/wp-json\/wp\/v2\/posts"}],"about":[{"href":"https:\/\/www.elpolitologoyelpolitico.com.ar\/wordpress\/wp-json\/wp\/v2\/types\/post"}],"author":[{"embeddable":true,"href":"https:\/\/www.elpolitologoyelpolitico.com.ar\/wordpress\/wp-json\/wp\/v2\/users\/4"}],"replies":[{"embeddable":true,"href":"https:\/\/www.elpolitologoyelpolitico.com.ar\/wordpress\/wp-json\/wp\/v2\/comments?post=31816"}],"version-history":[{"count":0,"href":"https:\/\/www.elpolitologoyelpolitico.com.ar\/wordpress\/wp-json\/wp\/v2\/posts\/31816\/revisions"}],"wp:featuredmedia":[{"embeddable":true,"href":"https:\/\/www.elpolitologoyelpolitico.com.ar\/wordpress\/wp-json\/wp\/v2\/media\/31817"}],"wp:attachment":[{"href":"https:\/\/www.elpolitologoyelpolitico.com.ar\/wordpress\/wp-json\/wp\/v2\/media?parent=31816"}],"wp:term":[{"taxonomy":"category","embeddable":true,"href":"https:\/\/www.elpolitologoyelpolitico.com.ar\/wordpress\/wp-json\/wp\/v2\/categories?post=31816"},{"taxonomy":"post_tag","embeddable":true,"href":"https:\/\/www.elpolitologoyelpolitico.com.ar\/wordpress\/wp-json\/wp\/v2\/tags?post=31816"}],"curies":[{"name":"wp","href":"https:\/\/api.w.org\/{rel}","templated":true}]}}