{"id":31807,"date":"2023-06-17T17:51:55","date_gmt":"2023-06-17T17:51:55","guid":{"rendered":"https:\/\/www.elpolitologoyelpolitico.com.ar\/wordpress\/?p=31807"},"modified":"2023-06-19T01:51:58","modified_gmt":"2023-06-19T01:51:58","slug":"elecciones-en-rio-colorado-jose-luis-garcia-palazon-el-candidato-con-imagen-positiva-que-suena-con-llegar-a-la-intendecia","status":"publish","type":"post","link":"https:\/\/www.elpolitologoyelpolitico.com.ar\/wordpress\/2023\/06\/17\/elecciones-en-rio-colorado-jose-luis-garcia-palazon-el-candidato-con-imagen-positiva-que-suena-con-llegar-a-la-intendecia\/","title":{"rendered":"Elecciones en R\u00edo Colorado; Jos\u00e9 Luis Garc\u00eda Palaz\u00f3n, el candidato con m\u00e1s im\u00e1gen positiva y suena para llegar a la intendencia"},"content":{"rendered":"\n<p>El 17 de septiembre son las elecciones en R\u00edo Colorado, Provincia de Rio Negro.<\/p>\n\n\n\n<p>Jos\u00e9 Luis Garc\u00eda Palaz\u00f3n es el coordinador de Programas Sociales del ministerio de desarrollo social de la Naci\u00f3n, oriundo de R\u00edo Colorado.<\/p>\n\n\n\n<p>Palaz\u00f3n indic\u00f3 \u00abUno siempre se viene preparando para participar de un Proyecto que este en concordancia con la generaci\u00f3n de trabajo. En la localidad necesitamos un cambio cultural\u00bb.<\/p>\n\n\n\n<p>Con respecto a las elecciones sostuvo \u00abCreo que es el momento y muchas personas se acercaron para charlar distintas propuestas, proyectos y estamos preparados para ocupar el lugar que corresponda dentro de un proyecto serio y conformado, pensando en las necesidades de nuestra localidad\u00bb.<\/p>\n\n\n\n<p>Seg\u00fan Palaz\u00f3n \u00abLa pol\u00edtica es la herramienta fundamental para desarrollar las propuestas y politicas p\u00fablicas. Nosotros queremos consolidar un proyecto que perdure en el tiempo\u00bb.<\/p>\n\n\n\n<p>El Coordinador de Programas Sociales del ministerio de desarrollo social de la Naci\u00f3n expres\u00f3 \u00abDebemos fortalecer las pol\u00edticas de vivienda, educaci\u00f3n, trabajo y no se trata de ocupar un lugar sino de trabajar para el bienestar de la sociedad\u00bb<\/p>\n\n\n\n<p>Por \u00faltimo finaliz\u00f3 \u00abVamos a seguir reuniendonos con los vecinos, emprededores y sindicatos para fortalecer el proyecto para que sea la base fundamental para un nuevo gobierno municipal. Ese gobierno debe trabajar para fortalecer un cambio cultural porque la sociedad de R\u00edo Colorado lo necesita\u00bb.<\/p>\n\n\n\n<figure class=\"wp-block-image size-full\"><img fetchpriority=\"high\" decoding=\"async\" width=\"640\" height=\"640\" src=\"https:\/\/www.elpolitologoyelpolitico.com.ar\/wp-content\/uploads\/2023\/06\/IMG-20230617-WA0024.jpg\" alt=\"\" class=\"wp-image-31809\" srcset=\"https:\/\/www.elpolitologoyelpolitico.com.ar\/wp-content\/uploads\/2023\/06\/IMG-20230617-WA0024.jpg 640w, https:\/\/www.elpolitologoyelpolitico.com.ar\/wp-content\/uploads\/2023\/06\/IMG-20230617-WA0024-300x300.jpg 300w, https:\/\/www.elpolitologoyelpolitico.com.ar\/wp-content\/uploads\/2023\/06\/IMG-20230617-WA0024-150x150.jpg 150w\" sizes=\"(max-width: 640px) 100vw, 640px\" \/><\/figure>\n\n\n\n<p><\/p>\n<div class=\"fb-background-color\">\n\t\t\t  <div \n\t\t\t  \tclass = \"fb-comments\" \n\t\t\t  \tdata-href = \"https:\/\/www.elpolitologoyelpolitico.com.ar\/wordpress\/2023\/06\/17\/elecciones-en-rio-colorado-jose-luis-garcia-palazon-el-candidato-con-imagen-positiva-que-suena-con-llegar-a-la-intendecia\/\"\n\t\t\t  \tdata-numposts = \"10\"\n\t\t\t  \tdata-lazy = \"true\"\n\t\t\t\tdata-colorscheme = \"light\"\n\t\t\t\tdata-order-by = \"social\"\n\t\t\t\tdata-mobile=true>\n\t\t\t  <\/div><\/div>\n\t\t  <style>\n\t\t    .fb-background-color {\n\t\t\t\tbackground: #ffffff !important;\n\t\t\t}\n\t\t\t.fb_iframe_widget_fluid_desktop iframe {\n\t\t\t    width: 100% !important;\n\t\t\t}\n\t\t  <\/style>\n\t\t  ","protected":false},"excerpt":{"rendered":"<p>El 17 de septiembre son las elecciones en R\u00edo Colorado, Provincia de Rio Negro. Jos\u00e9 Luis Garc\u00eda Palaz\u00f3n es el coordinador de Programas Sociales del ministerio de desarrollo social de la Naci\u00f3n, oriundo de R\u00edo Colorado. Palaz\u00f3n indic\u00f3 \u00abUno siempre se viene preparando para participar de un Proyecto que este en concordancia con la generaci\u00f3n [&hellip;]<\/p>\n","protected":false},"author":4,"featured_media":31808,"comment_status":"closed","ping_status":"closed","sticky":false,"template":"","format":"standard","meta":{"_joinchat":[],"footnotes":""},"categories":[38],"tags":[],"class_list":["post-31807","post","type-post","status-publish","format-standard","has-post-thumbnail","hentry","category-elecciones"],"_links":{"self":[{"href":"https:\/\/www.elpolitologoyelpolitico.com.ar\/wordpress\/wp-json\/wp\/v2\/posts\/31807","targetHints":{"allow":["GET"]}}],"collection":[{"href":"https:\/\/www.elpolitologoyelpolitico.com.ar\/wordpress\/wp-json\/wp\/v2\/posts"}],"about":[{"href":"https:\/\/www.elpolitologoyelpolitico.com.ar\/wordpress\/wp-json\/wp\/v2\/types\/post"}],"author":[{"embeddable":true,"href":"https:\/\/www.elpolitologoyelpolitico.com.ar\/wordpress\/wp-json\/wp\/v2\/users\/4"}],"replies":[{"embeddable":true,"href":"https:\/\/www.elpolitologoyelpolitico.com.ar\/wordpress\/wp-json\/wp\/v2\/comments?post=31807"}],"version-history":[{"count":0,"href":"https:\/\/www.elpolitologoyelpolitico.com.ar\/wordpress\/wp-json\/wp\/v2\/posts\/31807\/revisions"}],"wp:featuredmedia":[{"embeddable":true,"href":"https:\/\/www.elpolitologoyelpolitico.com.ar\/wordpress\/wp-json\/wp\/v2\/media\/31808"}],"wp:attachment":[{"href":"https:\/\/www.elpolitologoyelpolitico.com.ar\/wordpress\/wp-json\/wp\/v2\/media?parent=31807"}],"wp:term":[{"taxonomy":"category","embeddable":true,"href":"https:\/\/www.elpolitologoyelpolitico.com.ar\/wordpress\/wp-json\/wp\/v2\/categories?post=31807"},{"taxonomy":"post_tag","embeddable":true,"href":"https:\/\/www.elpolitologoyelpolitico.com.ar\/wordpress\/wp-json\/wp\/v2\/tags?post=31807"}],"curies":[{"name":"wp","href":"https:\/\/api.w.org\/{rel}","templated":true}]}}