{"id":31791,"date":"2023-06-17T02:04:16","date_gmt":"2023-06-17T02:04:16","guid":{"rendered":"https:\/\/www.elpolitologoyelpolitico.com.ar\/wordpress\/?p=31791"},"modified":"2023-06-17T02:04:17","modified_gmt":"2023-06-17T02:04:17","slug":"se-concreto-la-licitacion-de-la-obra-de-red-electrica-para-la-chacra-81","status":"publish","type":"post","link":"https:\/\/www.elpolitologoyelpolitico.com.ar\/wordpress\/2023\/06\/17\/se-concreto-la-licitacion-de-la-obra-de-red-electrica-para-la-chacra-81\/","title":{"rendered":"Se concret\u00f3 la licitaci\u00f3n de la obra de red el\u00e9ctrica para la Chacra 81"},"content":{"rendered":"\n<p>Este viernes, el Intendente Municipal, Ing. Jos\u00e9 Luis Zara, presidi\u00f3 la licitaci\u00f3n de la obra de red el\u00e9ctrica de media tensi\u00f3n para Chacra 81, parcela 1, de Carmen de Patagones.<\/p>\n\n\n\n<p>El Jefe de Gabinete, Fabio Bettinelli, presidi\u00f3 la licitaci\u00f3n en representaci\u00f3n del Intendente, Jos\u00e9 Luis Zara, acompa\u00f1ado por funcionarios y concejales del bloque Juntos, Romina Colombi y Ricardo Angos.<\/p>\n\n\n\n<p>La obra cuenta con un presupuesto oficial de m\u00e1s de ocho millones de pesos y ser\u00e1 financiada con fondos municipales.<\/p>\n\n\n\n<p>En la ocasi\u00f3n, hizo uso de la palabra el Secretario de Hacienda, Ricardo Teller\u00eda, quien afirm\u00f3 que \u201ceste es otro de los grandes desaf\u00edos que nos planteamos. en estas dos gestiones conducidas por el Intendente Jos\u00e9 Zara. Llev\u00f3 much\u00edsimo trabajo, esto tiene much\u00edsimos a\u00f1os de alguna deuda.<\/p>\n\n\n\n<p>La producci\u00f3n agropecuaria es la actividad principal despu\u00e9s del movimiento que tiene la actividad del Estado Municipal en el partido de Patagones y con la cuesti\u00f3n de la faena, ovinos y animales menores es donde ten\u00edamos una deuda, ten\u00edamos que hacer algo\u201d.<\/p>\n\n\n\n<p>A continuaci\u00f3n, se procedi\u00f3 a la apertura de los sobres para conocer las ofertas correspondientes.<\/p>\n\n\n\n<figure class=\"wp-block-gallery has-nested-images columns-default is-cropped wp-block-gallery-1 is-layout-flex wp-block-gallery-is-layout-flex\">\n<figure class=\"wp-block-image size-large\"><img fetchpriority=\"high\" decoding=\"async\" width=\"1024\" height=\"683\" data-id=\"31793\" src=\"https:\/\/www.elpolitologoyelpolitico.com.ar\/wp-content\/uploads\/2023\/06\/IMG-20230616-WA0020-1024x683.jpg\" alt=\"\" class=\"wp-image-31793\" srcset=\"https:\/\/www.elpolitologoyelpolitico.com.ar\/wp-content\/uploads\/2023\/06\/IMG-20230616-WA0020-1024x683.jpg 1024w, https:\/\/www.elpolitologoyelpolitico.com.ar\/wp-content\/uploads\/2023\/06\/IMG-20230616-WA0020-300x200.jpg 300w, https:\/\/www.elpolitologoyelpolitico.com.ar\/wp-content\/uploads\/2023\/06\/IMG-20230616-WA0020-768x512.jpg 768w, https:\/\/www.elpolitologoyelpolitico.com.ar\/wp-content\/uploads\/2023\/06\/IMG-20230616-WA0020-1536x1024.jpg 1536w, https:\/\/www.elpolitologoyelpolitico.com.ar\/wp-content\/uploads\/2023\/06\/IMG-20230616-WA0020.jpg 1599w\" sizes=\"(max-width: 1024px) 100vw, 1024px\" \/><\/figure>\n\n\n\n<figure class=\"wp-block-image size-large\"><img decoding=\"async\" width=\"1024\" height=\"683\" data-id=\"31794\" src=\"https:\/\/www.elpolitologoyelpolitico.com.ar\/wp-content\/uploads\/2023\/06\/IMG-20230616-WA0021-1024x683.jpg\" alt=\"\" class=\"wp-image-31794\" srcset=\"https:\/\/www.elpolitologoyelpolitico.com.ar\/wp-content\/uploads\/2023\/06\/IMG-20230616-WA0021-1024x683.jpg 1024w, https:\/\/www.elpolitologoyelpolitico.com.ar\/wp-content\/uploads\/2023\/06\/IMG-20230616-WA0021-300x200.jpg 300w, https:\/\/www.elpolitologoyelpolitico.com.ar\/wp-content\/uploads\/2023\/06\/IMG-20230616-WA0021-768x512.jpg 768w, https:\/\/www.elpolitologoyelpolitico.com.ar\/wp-content\/uploads\/2023\/06\/IMG-20230616-WA0021-1536x1024.jpg 1536w, https:\/\/www.elpolitologoyelpolitico.com.ar\/wp-content\/uploads\/2023\/06\/IMG-20230616-WA0021.jpg 1599w\" sizes=\"(max-width: 1024px) 100vw, 1024px\" \/><\/figure>\n<\/figure>\n<div class=\"fb-background-color\">\n\t\t\t  <div \n\t\t\t  \tclass = \"fb-comments\" \n\t\t\t  \tdata-href = \"https:\/\/www.elpolitologoyelpolitico.com.ar\/wordpress\/2023\/06\/17\/se-concreto-la-licitacion-de-la-obra-de-red-electrica-para-la-chacra-81\/\"\n\t\t\t  \tdata-numposts = \"10\"\n\t\t\t  \tdata-lazy = \"true\"\n\t\t\t\tdata-colorscheme = \"light\"\n\t\t\t\tdata-order-by = \"social\"\n\t\t\t\tdata-mobile=true>\n\t\t\t  <\/div><\/div>\n\t\t  <style>\n\t\t    .fb-background-color {\n\t\t\t\tbackground: #ffffff !important;\n\t\t\t}\n\t\t\t.fb_iframe_widget_fluid_desktop iframe {\n\t\t\t    width: 100% !important;\n\t\t\t}\n\t\t  <\/style>\n\t\t  ","protected":false},"excerpt":{"rendered":"<p>Este viernes, el Intendente Municipal, Ing. Jos\u00e9 Luis Zara, presidi\u00f3 la licitaci\u00f3n de la obra de red el\u00e9ctrica de media tensi\u00f3n para Chacra 81, parcela 1, de Carmen de Patagones. El Jefe de Gabinete, Fabio Bettinelli, presidi\u00f3 la licitaci\u00f3n en representaci\u00f3n del Intendente, Jos\u00e9 Luis Zara, acompa\u00f1ado por funcionarios y concejales del bloque Juntos, Romina [&hellip;]<\/p>\n","protected":false},"author":4,"featured_media":31792,"comment_status":"closed","ping_status":"closed","sticky":false,"template":"","format":"standard","meta":{"_joinchat":[],"footnotes":""},"categories":[4],"tags":[],"class_list":["post-31791","post","type-post","status-publish","format-standard","has-post-thumbnail","hentry","category-politicas-publicas"],"_links":{"self":[{"href":"https:\/\/www.elpolitologoyelpolitico.com.ar\/wordpress\/wp-json\/wp\/v2\/posts\/31791","targetHints":{"allow":["GET"]}}],"collection":[{"href":"https:\/\/www.elpolitologoyelpolitico.com.ar\/wordpress\/wp-json\/wp\/v2\/posts"}],"about":[{"href":"https:\/\/www.elpolitologoyelpolitico.com.ar\/wordpress\/wp-json\/wp\/v2\/types\/post"}],"author":[{"embeddable":true,"href":"https:\/\/www.elpolitologoyelpolitico.com.ar\/wordpress\/wp-json\/wp\/v2\/users\/4"}],"replies":[{"embeddable":true,"href":"https:\/\/www.elpolitologoyelpolitico.com.ar\/wordpress\/wp-json\/wp\/v2\/comments?post=31791"}],"version-history":[{"count":0,"href":"https:\/\/www.elpolitologoyelpolitico.com.ar\/wordpress\/wp-json\/wp\/v2\/posts\/31791\/revisions"}],"wp:featuredmedia":[{"embeddable":true,"href":"https:\/\/www.elpolitologoyelpolitico.com.ar\/wordpress\/wp-json\/wp\/v2\/media\/31792"}],"wp:attachment":[{"href":"https:\/\/www.elpolitologoyelpolitico.com.ar\/wordpress\/wp-json\/wp\/v2\/media?parent=31791"}],"wp:term":[{"taxonomy":"category","embeddable":true,"href":"https:\/\/www.elpolitologoyelpolitico.com.ar\/wordpress\/wp-json\/wp\/v2\/categories?post=31791"},{"taxonomy":"post_tag","embeddable":true,"href":"https:\/\/www.elpolitologoyelpolitico.com.ar\/wordpress\/wp-json\/wp\/v2\/tags?post=31791"}],"curies":[{"name":"wp","href":"https:\/\/api.w.org\/{rel}","templated":true}]}}